{"id":4414,"date":"2013-08-01T17:39:33","date_gmt":"2013-08-01T15:39:33","guid":{"rendered":"http:\/\/blogs.deia.com\/anasagasti\/?p=4414"},"modified":"2013-08-01T17:39:33","modified_gmt":"2013-08-01T15:39:33","slug":"la-pregunta-clave-si-ha-mentido-dimitira","status":"publish","type":"post","link":"https:\/\/blogs.deia.eus\/anasagasti\/2013\/08\/01\/la-pregunta-clave-si-ha-mentido-dimitira\/","title":{"rendered":"La pregunta clave: Si ha mentido, \u00bfDimitir\u00e1?"},"content":{"rendered":"<p><b>Jueves 1 de agosto de 2013<\/b><\/p>\n<p><a href=\"http:\/\/blogs.deia.com\/anasagasti\/files\/2013\/08\/Rajoy-y-Rubalcaba-en-el-Congre_54366922988_51347059679_342_226.jpg\"><img loading=\"lazy\" decoding=\"async\" class=\"alignleft size-full wp-image-4415\" alt=\"Rajoy-y-Rubalcaba-en-el-Congre_54366922988_51347059679_342_226\" src=\"http:\/\/blogs.deia.com\/anasagasti\/files\/2013\/08\/Rajoy-y-Rubalcaba-en-el-Congre_54366922988_51347059679_342_226.jpg\" width=\"342\" height=\"226\" \/><\/a><\/p>\n<p>&nbsp;<\/p>\n<p>Antes de entrar en el debate voy a comentar tres temas previos que me han parecido vergonzosos del debate sobre B\u00e1rcenas.<\/p>\n<p>&nbsp;<\/p>\n<p>&nbsp;<\/p>\n<p>Primero. No hay derecho que TVE solo transmita las intervenciones de Rajoy y de Rubalcaba. Un medio p\u00fablico en un sistema parlamentario no puede limitarse a dos partidos por importantes que sean. Primer comportamiento antidemocr\u00e1tico.<\/p>\n<p>Segundo. No hay derecho que los diputados del PP y del PSOE se vayan de la sala y llenen la cafeter\u00eda, si no hablan sus jefes. Otro comportamiento antidemocr\u00e1tico.<\/p>\n<p>Tercero. Es vergonzoso que diputados hagan declaraciones en pasillo \u00a0sin haberse terminado el debate\u00a0 y bastante \u00a0m\u00e1s las tertulias de todos los medios qued\u00e1ndose solo\u00a0 con las intervenciones de dos partidos.<\/p>\n<p>Dicho \u00e9sto, dir\u00e9 que parece gratuito decir tan solo \u00abMe equivoqu\u00e9\u00bb, como hizo el rey. \u00bfY d\u00f3nde queda su responsabilidad?. \u00a0Si te has equivocado, no solo lo lamentes sino vete. \u00bfSe puede creer que en treinta a\u00f1os nadie del PP se hubiera dado cuenta que Barcenas robaba?. No me lo creo.<\/p>\n<p>Rajoy dice respetar lo que digan las Cortes Generales\u00a0 sin decir a continuaci\u00f3n que lo que van a aprobar las Cortes Generales son lo que \u00e9l quiera. Su mayor\u00eda absoluta es asfixiante. Una apisonadora. Deber\u00eda haber la posibilidad de controlar al gobierno a pesar de que este tenga mayor\u00eda absoluta. Y el PP no lo permite.<\/p>\n<p>Ha estado bien Rubalcaba pero \u00e9l \u00a0es responsable asimismo de un sistema de pacto con el PP en el Consejo General del Poder Judicial, del Tribunal de Cuentas, de la Comisi\u00f3n Nacional del Mercado de Valores, del Tribunal Constitucional, del Banco de Espa\u00f1a que han permitido la corrupci\u00f3n actual. Tan responsable es el PP como el PSOE. Todas esas instancias han permitido el robo y la corrupci\u00f3n y al frente han estado consejeros pactados a dos.<\/p>\n<p>Ha estado bien Aitor Esteban planteando la pregunta clave. \u00abSi se demuestra que\u00a0 la investigaci\u00f3n judicial dice que usted es responsable y que ha mentido hoy, \u00bfdimitir\u00e1 usted?. \u00a0\u00abEsa es la clave\u201d. Y ha estado bien usando esa imagen gr\u00e1fica de que el PP va en moto y los dem\u00e1s a pie.<\/p>\n<p>Rajoy no ha abordado nada de su contabilidad B, de c\u00f3mo ministros han cobrado sobresueldos no pudiendo hacerlo, de c\u00f3mo ha tratado de proteger a B\u00e1rcenas\u00a0\u00a0que adem\u00e1s se ha visto en los mensajes enviados tanto por Rajoy como B\u00e1rcenas. Si era chantajeado \u00bfc\u00f3mo no denunci\u00f3 el hecho ante la justicia?. \u00bfPor qu\u00e9 lo protegi\u00f3 hasta marzo?.<\/p>\n<p>Rajoy solo ha ido arrastrado por cuatro Bancos Internacionales ya que el sistema parlamentario espa\u00f1ol no permite el control parlamentario. Pero ah\u00ed queda\u00a0 la conducta de las grandes constructoras, la conducta de un personaje nefasto como Javier Arenas, que siendo senador ni acude a los plenos ni interviene nunca y cobraba sobresueldos en negro, con un presidente del Tribunal Constitucional del PP, buscando que estos temas no se traten para no da\u00f1ar la Marca Espa\u00f1a, trabajar la falacia de que todo lo que dice B\u00e1rcenas es mentira y todo lo que dice Rajoy es verdad. No, no me ha convencido para nada Rajoy. No ha aclarado los puntos negros, los\u00a0 sms, su relaci\u00f3n con B\u00e1rcena que ni ha nombrado en siete meses.<\/p>\n<p>\u00bfQu\u00e9 pasar\u00e1 ahora?.<\/p>\n<p>Aguantar\u00e1. Tratar\u00e1 de pasar p\u00e1gina, dir\u00e1 que todo est\u00e1 bajo\u00a0 investigaci\u00f3n judicial. Pero seguir\u00e1n saliendo cosas y la democracia espa\u00f1ola y Rajoy seguir\u00e1n bajo sospecha.<\/p>\n<!-- AddThis Advanced Settings generic via filter on the_content --><!-- AddThis Share Buttons generic via filter on the_content -->","protected":false},"excerpt":{"rendered":"<p>Jueves 1 de agosto de 2013 &nbsp; Antes de entrar en el debate voy a comentar tres temas previos que me han parecido vergonzosos del debate sobre B\u00e1rcenas. &nbsp; &nbsp; Primero. No hay derecho que TVE solo transmita las intervenciones de Rajoy y de Rubalcaba. Un medio p\u00fablico en un sistema parlamentario no puede limitarse &hellip; <a href=\"https:\/\/blogs.deia.eus\/anasagasti\/2013\/08\/01\/la-pregunta-clave-si-ha-mentido-dimitira\/\" class=\"more-link\">Sigue leyendo <span class=\"screen-reader-text\">La pregunta clave: Si ha mentido, \u00bfDimitir\u00e1?<\/span><\/a><!-- AddThis Advanced Settings generic via filter on get_the_excerpt --><!-- AddThis Share Buttons generic via filter on get_the_excerpt --><\/p>\n","protected":false},"author":19,"featured_media":0,"comment_status":"open","ping_status":"open","sticky":false,"template":"","format":"standard","meta":{"footnotes":""},"categories":[1],"tags":[],"class_list":["post-4414","post","type-post","status-publish","format-standard","hentry","category-general"],"_links":{"self":[{"href":"https:\/\/blogs.deia.eus\/anasagasti\/wp-json\/wp\/v2\/posts\/4414","targetHints":{"allow":["GET"]}}],"collection":[{"href":"https:\/\/blogs.deia.eus\/anasagasti\/wp-json\/wp\/v2\/posts"}],"about":[{"href":"https:\/\/blogs.deia.eus\/anasagasti\/wp-json\/wp\/v2\/types\/post"}],"author":[{"embeddable":true,"href":"https:\/\/blogs.deia.eus\/anasagasti\/wp-json\/wp\/v2\/users\/19"}],"replies":[{"embeddable":true,"href":"https:\/\/blogs.deia.eus\/anasagasti\/wp-json\/wp\/v2\/comments?post=4414"}],"version-history":[{"count":4,"href":"https:\/\/blogs.deia.eus\/anasagasti\/wp-json\/wp\/v2\/posts\/4414\/revisions"}],"predecessor-version":[{"id":4419,"href":"https:\/\/blogs.deia.eus\/anasagasti\/wp-json\/wp\/v2\/posts\/4414\/revisions\/4419"}],"wp:attachment":[{"href":"https:\/\/blogs.deia.eus\/anasagasti\/wp-json\/wp\/v2\/media?parent=4414"}],"wp:term":[{"taxonomy":"category","embeddable":true,"href":"https:\/\/blogs.deia.eus\/anasagasti\/wp-json\/wp\/v2\/categories?post=4414"},{"taxonomy":"post_tag","embeddable":true,"href":"https:\/\/blogs.deia.eus\/anasagasti\/wp-json\/wp\/v2\/tags?post=4414"}],"curies":[{"name":"wp","href":"https:\/\/api.w.org\/{rel}","templated":true}]}}