{"id":4594,"date":"2013-10-18T21:57:40","date_gmt":"2013-10-18T19:57:40","guid":{"rendered":"http:\/\/blogs.deia.com\/anasagasti\/?p=4594"},"modified":"2013-10-18T21:57:40","modified_gmt":"2013-10-18T19:57:40","slug":"arnold-schwarzenegger-visita-el-valle-de-los-caidos-mientras-a-priebke-no-le-quieren-enterrar","status":"publish","type":"post","link":"https:\/\/blogs.deia.eus\/anasagasti\/2013\/10\/18\/arnold-schwarzenegger-visita-el-valle-de-los-caidos-mientras-a-priebke-no-le-quieren-enterrar\/","title":{"rendered":"Arnold Schwarzenegger visita el Valle de los Ca\u00eddos mientras a Priebke no le quieren enterrar"},"content":{"rendered":"<p><b>Viernes 18 de octubre de 2013<\/b><b><\/b><\/p>\n<p>Que Espa\u00f1a no es una democracia madura lo acabamos de comprobar. Una vez m\u00e1s ha estado por aqu\u00ed Arnold Schwarzenegger para presentar en Madrid el circuito de carreras de obst\u00e1culos que se ha convertido en un fen\u00f3meno deportivo en Estados Unidos. Pero ha hecho algo m\u00e1s. EI 12, d\u00eda de la Hispanidad, fue al Valle de los Ca\u00eddos. \u00bfPor qu\u00e9?. Porque est\u00e1 abierto y quer\u00eda ver c\u00f3mo est\u00e1 ese monumento a la Victoria de Franco, con Franco dentro. Toda una anomal\u00eda democr\u00e1tica. Pero en Espa\u00f1a, ayuna de cualquier sensibilidad democr\u00e1tica, a nadie le llam\u00f3 la atenci\u00f3n. Incluso hizo gracia.<\/p>\n<p>Pero mientras esto pasaba en Madrid en Italia, en la vilipendiada Italia de Berlusconi, nadie sab\u00eda qu\u00e9 hacer con un asesino de guerra como Priebke, una Hermanita de la Caridad en comparaci\u00f3n con el criminal Francisco Franco. Ese si que fue un asesino.<\/p>\n<p>Una base militar custodia los restos de Priebke<\/p>\n<p>Contactos entre Italia y Alemania para resolver el caso<\/p>\n<p>El caso Priebke se ha convertido en un esperp\u00e9ntico culebr\u00f3n, en un episodio que reabre heridas hist\u00f3ricas, resucita viejos fantasmas y crea tensiones diplom\u00e1ticas. El cad\u00e1ver del criminal de guerra nazi, fallecido la semana pasada a los 100 a\u00f1os, pas\u00f3 toda la jornada del mi\u00e9rcoles en el aeropuerto militar de Pratica di Mare, al sur de Roma, a la espera de destino.<\/p>\n<p>El alcalde de la capital italiana, Ignazio Marino, insisti\u00f3 en que el exoficial de las SS no puede ser enterrado en la ciudad donde organiz\u00f3 la ejecuci\u00f3n de 335 personas en 1944. \u00abPara m\u00ed, sigue siendo el verdu\u00adgo de las Fosas Ardeatinas y la ciudad de Roma no puede darle hospitalidad ni sepultura\u00bb, dijo Marino.<\/p>\n<p>Los restos de Erich Priebke fueron trasladados a la base de Pratica di Mare en la medianoche del martes, despu\u00e9s de que no pudiera concluirse el funeral en la cercana localidad de Albano Laziale, junto a Castel Gandolfo. Las exequias tuvieron que suspenderse ante el caos que se viv\u00eda en la calle. Grupos neonazis llegaron desde Roma para honrar a Priebke. Estos extremistas atacaron a las fuerzas del orden. En el otro lado estaban los ciudadanos de Albano Laziale, indignados de que se hubiera permitido llevar al difunto hasta la sede de la Hermandad Sacerdotal San P\u00edo X, de los tradicionalistas lefebvrianos.<\/p>\n<p>A la prefectura de Roma, que se ha visto desbordada por el asunto, le pareci\u00f3 que el aeropuerto militar era el lugar m\u00e1s seguro para evitar nuevos incidentes. Adem\u00e1s, facilitar\u00eda la partida del f\u00e9retro, por v\u00eda a\u00e9rea, en caso de que Alemania aceptase recibirlo. Pero el Gobierno de Berl\u00edn no expresa ning\u00fan deseo de hacerlo. El portavoz del ministerio alem\u00e1n de Asuntos Exteriores, Martin Schaefer, dijo que la decisi\u00f3n sobre d\u00f3nde es enterrado Priebke corresponde a su familia. Admiti\u00f3 que un alem\u00e1n tiene el derecho a ser enterrado en su pa\u00eds, aunque el Gobierno no entra en la materia. \u00abNo depende de nosotros encontrar una soluci\u00f3n\u00bb, a\u00f1adi\u00f3 Schaefer, si bien reconoci\u00f3 que hay contactos \u00abinformales\u00bb con Italia para superar lo que ya es una peque\u00f1a crisis diplom\u00e1tica.<\/p>\n<p>Es evidente que la tumba de Priebke, uno de los \u00faltimos criminales nazis que estaban a\u00fan vivos, puede devenir un santuario de extremistas. Todos quieren evitarlo. Un ministro de Brandemburgo, el land donde naci\u00f3 Priebke, propuso que sea enterrado en una tumba an\u00f3nima, pero cuesta imaginar que tal anonimato se respete.<\/p>\n<p>El caso Priebke est\u00e1 siendo especialmente doloroso porque ha coincidido con la conmemoraci\u00f3n del 70\u00ba aniversario de las deportaciones de jud\u00edos del gueto de Roma. Se llevaron a A\u00fcschwitz a 1.024 personas. Les dieron apenas 20 minutos para escoger la ropa que se llevaban y los efectos personales m\u00e1s b\u00e1sicos. S\u00f3lo 16 regresaron del campo de exterminio.<\/p>\n<p>El mi\u00e9rcoles hubo una solemne ceremonia en la sinagoga, junto al T\u00edber. Asisti\u00f3 el presidente de la Rep\u00fablica, Giorgio Napolitano, quien era ya un adulto cuando ocurrieron los hechos. Varios oradores hebreos aludieron a Priebke pero sin pronunciar su nombre para no profanar un lugar sagrado. \u00bfSe imaginan algo as\u00ed en Madrid y que el rey fuera a un acto republicano? No \u00bfverdad? Pues eso. El rey, puesto por Franco, ir\u00eda al acto de Franco. Espa\u00f1a es as\u00ed, Se\u00f1ora Baronesa.<\/p>\n<!-- AddThis Advanced Settings generic via filter on the_content --><!-- AddThis Share Buttons generic via filter on the_content -->","protected":false},"excerpt":{"rendered":"<p>Viernes 18 de octubre de 2013 Que Espa\u00f1a no es una democracia madura lo acabamos de comprobar. Una vez m\u00e1s ha estado por aqu\u00ed Arnold Schwarzenegger para presentar en Madrid el circuito de carreras de obst\u00e1culos que se ha convertido en un fen\u00f3meno deportivo en Estados Unidos. Pero ha hecho algo m\u00e1s. EI 12, d\u00eda &hellip; <a href=\"https:\/\/blogs.deia.eus\/anasagasti\/2013\/10\/18\/arnold-schwarzenegger-visita-el-valle-de-los-caidos-mientras-a-priebke-no-le-quieren-enterrar\/\" class=\"more-link\">Sigue leyendo <span class=\"screen-reader-text\">Arnold Schwarzenegger visita el Valle de los Ca\u00eddos mientras a Priebke no le quieren enterrar<\/span><\/a><!-- AddThis Advanced Settings generic via filter on get_the_excerpt --><!-- AddThis Share Buttons generic via filter on get_the_excerpt --><\/p>\n","protected":false},"author":19,"featured_media":0,"comment_status":"open","ping_status":"open","sticky":false,"template":"","format":"standard","meta":{"footnotes":""},"categories":[1],"tags":[],"class_list":["post-4594","post","type-post","status-publish","format-standard","hentry","category-general"],"_links":{"self":[{"href":"https:\/\/blogs.deia.eus\/anasagasti\/wp-json\/wp\/v2\/posts\/4594","targetHints":{"allow":["GET"]}}],"collection":[{"href":"https:\/\/blogs.deia.eus\/anasagasti\/wp-json\/wp\/v2\/posts"}],"about":[{"href":"https:\/\/blogs.deia.eus\/anasagasti\/wp-json\/wp\/v2\/types\/post"}],"author":[{"embeddable":true,"href":"https:\/\/blogs.deia.eus\/anasagasti\/wp-json\/wp\/v2\/users\/19"}],"replies":[{"embeddable":true,"href":"https:\/\/blogs.deia.eus\/anasagasti\/wp-json\/wp\/v2\/comments?post=4594"}],"version-history":[{"count":2,"href":"https:\/\/blogs.deia.eus\/anasagasti\/wp-json\/wp\/v2\/posts\/4594\/revisions"}],"predecessor-version":[{"id":4596,"href":"https:\/\/blogs.deia.eus\/anasagasti\/wp-json\/wp\/v2\/posts\/4594\/revisions\/4596"}],"wp:attachment":[{"href":"https:\/\/blogs.deia.eus\/anasagasti\/wp-json\/wp\/v2\/media?parent=4594"}],"wp:term":[{"taxonomy":"category","embeddable":true,"href":"https:\/\/blogs.deia.eus\/anasagasti\/wp-json\/wp\/v2\/categories?post=4594"},{"taxonomy":"post_tag","embeddable":true,"href":"https:\/\/blogs.deia.eus\/anasagasti\/wp-json\/wp\/v2\/tags?post=4594"}],"curies":[{"name":"wp","href":"https:\/\/api.w.org\/{rel}","templated":true}]}}