{"id":4598,"date":"2013-10-19T16:12:19","date_gmt":"2013-10-19T14:12:19","guid":{"rendered":"http:\/\/blogs.deia.com\/anasagasti\/?p=4598"},"modified":"2013-10-19T16:12:19","modified_gmt":"2013-10-19T14:12:19","slug":"utrera-molina-esta-muy-inquieto","status":"publish","type":"post","link":"https:\/\/blogs.deia.eus\/anasagasti\/2013\/10\/19\/utrera-molina-esta-muy-inquieto\/","title":{"rendered":"Utrera Molina est\u00e1 muy inquieto"},"content":{"rendered":"<p><b>S\u00e1bado 19 de octubre de 2013<\/b><\/p>\n<p>Escrib\u00ed aqu\u00ed un comentario sobre Utrera Molina, el ex ministro de Franco, a ra\u00edz de un art\u00edculo que public\u00f3 en el ABC y donde, al final, apuntaba la idea de que la ley contemplaba \u00absoluciones de emergencia\u00bb para situaciones como las que vive Catalunya. A los dos d\u00edas recib\u00ed este comentario de un hijo o de un hermano. No conozco el grado de relaci\u00f3n familiar.<\/p>\n<p>Como se ve esta familia ni ha olvidado nada, ni ha aprendido nada en estos a\u00f1os. Vale la pena conocer su talante y sus valores. Dec\u00eda as\u00ed el Sr. Luis Utrera Molina:<\/p>\n<p>\u201cEn el fondo, Sr. Anasagasti, es usted un totalitario, como todos los nacionalistas. Sabe usted bien que comparar a Franco con Hitler es un desprop\u00f3sito. Franco jam\u00e1s perdi\u00f3 una guerra, ni se suicid\u00f3, ni era un enajenado nacionalista y racista al estilo de Sabino Arana, que de haber podido hubiera exterminado a los maketos. Es m\u00e1s, muri\u00f3 cristianamente en la cama de un hospital p\u00fablico, despu\u00e9s de 40 a\u00f1os de buen gobierno rodeado del cari\u00f1o de su pueblo y fue ensalzado y homenajeado por su sucesor, el hoy Rey de Espa\u00f1a. \u00bfImagina usted que el Jefe del Estado alem\u00e1n hubiera sido designado por Hitler?. Claro que no, y usted lo sabe.<\/p>\n<p>Habla usted de robar. De esto, el Sr. Utrera Molina sabe bien poco. Vive de su pensi\u00f3n y rodeado del cari\u00f1o de su gran familia. Acaso usted sepa algo m\u00e1s sobre el tema que vive en el Senado a costa de todos los espa\u00f1oles insult\u00e1ndonos en la cara cuando le place.<\/p>\n<p>No se inquiete usted, que el Sr. Utrera Molina, al igual que Do\u00f1a Carmen Franco, cuentan con muchos a\u00f1os e insignificante poder. Tan s\u00f3lo tienen el de su ejemplo, el de su honestidad y el de su coherencia. Cuando lea usted \u00absoluciones de emergencia\u00bb, no se preocupe. Lea la constituci\u00f3n para variar y repase su art\u00edculo 155. La ley contempla soluciones de emergencia para problemas de emergencia. No quiera vuestra merced ver gigantes donde s\u00f3lo hay molinos de viento.<\/p>\n<p>Sepa usted que no le odio, pues esa es una pasi\u00f3n aniquilante para quien la padece. Le compadezco, porque tiene usted el coraz\u00f3n emponzo\u00f1ado de odio y de resentimiento. Le recomiendo que viaje un poco por Espa\u00f1a y se descontamine de esa atm\u00f3sfera turbia y espesa en la que viven los nacionalistas iconoclastas y de mira estrecha como usted.<\/p>\n<p>Atentamente,<\/p>\n<p>Luis Utrera Molina<\/p>\n<!-- AddThis Advanced Settings generic via filter on the_content --><!-- AddThis Share Buttons generic via filter on the_content -->","protected":false},"excerpt":{"rendered":"<p>S\u00e1bado 19 de octubre de 2013 Escrib\u00ed aqu\u00ed un comentario sobre Utrera Molina, el ex ministro de Franco, a ra\u00edz de un art\u00edculo que public\u00f3 en el ABC y donde, al final, apuntaba la idea de que la ley contemplaba \u00absoluciones de emergencia\u00bb para situaciones como las que vive Catalunya. A los dos d\u00edas recib\u00ed &hellip; <a href=\"https:\/\/blogs.deia.eus\/anasagasti\/2013\/10\/19\/utrera-molina-esta-muy-inquieto\/\" class=\"more-link\">Sigue leyendo <span class=\"screen-reader-text\">Utrera Molina est\u00e1 muy inquieto<\/span><\/a><!-- AddThis Advanced Settings generic via filter on get_the_excerpt --><!-- AddThis Share Buttons generic via filter on get_the_excerpt --><\/p>\n","protected":false},"author":19,"featured_media":0,"comment_status":"open","ping_status":"open","sticky":false,"template":"","format":"standard","meta":{"footnotes":""},"categories":[1],"tags":[],"class_list":["post-4598","post","type-post","status-publish","format-standard","hentry","category-general"],"_links":{"self":[{"href":"https:\/\/blogs.deia.eus\/anasagasti\/wp-json\/wp\/v2\/posts\/4598","targetHints":{"allow":["GET"]}}],"collection":[{"href":"https:\/\/blogs.deia.eus\/anasagasti\/wp-json\/wp\/v2\/posts"}],"about":[{"href":"https:\/\/blogs.deia.eus\/anasagasti\/wp-json\/wp\/v2\/types\/post"}],"author":[{"embeddable":true,"href":"https:\/\/blogs.deia.eus\/anasagasti\/wp-json\/wp\/v2\/users\/19"}],"replies":[{"embeddable":true,"href":"https:\/\/blogs.deia.eus\/anasagasti\/wp-json\/wp\/v2\/comments?post=4598"}],"version-history":[{"count":2,"href":"https:\/\/blogs.deia.eus\/anasagasti\/wp-json\/wp\/v2\/posts\/4598\/revisions"}],"predecessor-version":[{"id":4600,"href":"https:\/\/blogs.deia.eus\/anasagasti\/wp-json\/wp\/v2\/posts\/4598\/revisions\/4600"}],"wp:attachment":[{"href":"https:\/\/blogs.deia.eus\/anasagasti\/wp-json\/wp\/v2\/media?parent=4598"}],"wp:term":[{"taxonomy":"category","embeddable":true,"href":"https:\/\/blogs.deia.eus\/anasagasti\/wp-json\/wp\/v2\/categories?post=4598"},{"taxonomy":"post_tag","embeddable":true,"href":"https:\/\/blogs.deia.eus\/anasagasti\/wp-json\/wp\/v2\/tags?post=4598"}],"curies":[{"name":"wp","href":"https:\/\/api.w.org\/{rel}","templated":true}]}}