{"id":4602,"date":"2013-10-20T10:02:53","date_gmt":"2013-10-20T08:02:53","guid":{"rendered":"http:\/\/blogs.deia.com\/anasagasti\/?p=4602"},"modified":"2013-10-20T10:02:53","modified_gmt":"2013-10-20T08:02:53","slug":"cuando-eta-mato-a-joseba","status":"publish","type":"post","link":"https:\/\/blogs.deia.eus\/anasagasti\/2013\/10\/20\/cuando-eta-mato-a-joseba\/","title":{"rendered":"Cuando ETA mat\u00f3 a Joseba"},"content":{"rendered":"<p><b>Domingo 20 de octubre de 2013<\/b><\/p>\n<p>Los Alderdi Eguna sirven, entre otras muchas cosas, para saludar a personas que hac\u00eda tiempo no ve\u00edas. Eso me pas\u00f3 el domingo 29 de septiembre. All\u00ed salud\u00e9 a Rosa Rodero, viuda de Joseba Goikoetxea. Y hablamos de c\u00f3mo el 26 de noviembre se cumplen veinte a\u00f1os del asesinato de su marido, Sargento Mayor de la Ertzaintza pero, para m\u00ed, sobre todo, militante del PNV, que fue cuando le conoc\u00ed en momentos boreales.<\/p>\n<p>Joseba Goikoetxea Asla naci\u00f3 en Bilbao y ten\u00eda 42 a\u00f1os cuando le mataron. Mar\u00eda Luisa, Esther y Mar\u00eda Antonia eran sus hermanas. Casado en segundas nupcias con Rosa Rodero ten\u00eda tres hijos. Afiliado en Matiko y de familia nacionalista trabaj\u00f3 en la distribuidora de libros San Miguel, que era una tapadera del PNV. La dej\u00f3 para ir a navegar y volvi\u00f3 a la editorial. Detenido en 1975 por propaganda ilegal con Ant\u00f3n Landa y Carlos Zarraga fue condenado a tres a\u00f1os y medio de c\u00e1rcel. Permanece recluido hasta el primer indulto tras la muerte de Franco el 20 de noviembre. Nueves d\u00edas despu\u00e9s se produce dicha gracia y de las c\u00e1rceles salen 5.655 presos entre los que se encuentran Joseba, Ant\u00f3n y Carlos junto a Marcelino Camacho y Nicol\u00e1s Sartorius encarcelados asimismo en Carabanchel. Son los \u00faltimos presos del PNV en salir. Txomin Saratxaga, por indicaci\u00f3n de Arzalluz, va a Madrid a recibirles. Pero ese d\u00eda no salen. Txomin monta el pollo y casi le meten en la c\u00e1rcel a \u00e9l.<\/p>\n<p>La estructura del franquismo estaba intacta con todo su aparato represor, sus fichas y sus obsesiones, pero eso no le importa a Joseba. Se vuelca de nuevo en el trabajo semi clandestino. Y nos ayuda en la edici\u00f3n de la hojita Euzkadi que semanalmente imprimimos y que nos va sirviendo para crear organizaci\u00f3n con su reparto. El PNV ten\u00eda dos oficinas en Bilbao. En la calle Iparraguirre 39 que era un despacho de abogados donde trabajaban Eduardo Estrade y Karmelo Zamalloa y donde se reun\u00eda el BBB y el EBB y en la calle Marqu\u00e9s del Puerto desde donde funcionaba la organizaci\u00f3n, estaba la oficina de prensa y hab\u00eda una gran sala para asambleas y para el Instituto de Formaci\u00f3n Ereintza. Joseba Goikoetxea es el alma de todo aquello. El instrumento eficaz de atenci\u00f3n a las nuevas organizaciones municipales, de las charlas de Arzalluz, las visitas de Ajuriaguerra, la discusi\u00f3n de las cuatro ponencias que de abajo arriba iban a configurar un nuevo PNV fuera de la clandestinidad, la proyecci\u00f3n de la pel\u00edcula \u201cLos Hijos de Gernika\u00bb hecha en Caracas, las discusiones bizantinas de la \u00e9poca de si \u00e9ramos o no un partido del pasado, la multitudinaria presentaci\u00f3n del libro de Aguirre en el Carlton y el primer mitin grandioso en La Casilla. Y un hecho que nos ocurre a Joseba, Bingen Zubiri y a m\u00ed aquel a\u00f1o 76.<\/p>\n<p>Se hab\u00eda decidido que el Aberri Eguna fuera en Iru\u00f1a. Aingeru Berazadi estaba secuestrado por ETA. Bingen Zubiri, Joseba y quien esto escribe fuimos a un piso que nos hab\u00eda alquilado Sabin Zubiri en la calle Ega\u00f1a, al costado de la Alh\u00f3ndiga. Sacamos en una ruidosa multicopista el Euzkadi con el comunicado del EBB. Nos cre\u00edamos los reyes del mambo. Y bajamos con nuestros paquetones al estacionamiento para meterlos en el coche de Joseba. Se abre la puerta del ascensor y cinco polic\u00edas nos rodean. \u00a1Qu\u00e9 susto y que miedo!. A m\u00ed me llevan al piso de Iparraguirre para revisarlo. Estaba Pello Caballero. Nos llevan a la Comisar\u00eda de Mar\u00eda Mu\u00f1oz. Nos tienen tres d\u00edas en celdas separadas. Cuatro sucias paredes, sin nada. Cada cierto tiempo nos interrogaban. Tras esta estancia en tan agradable hotel nos llevan a la Audiencia en Albia. Se abre la puerta del furg\u00f3n y all\u00ed estaban Xabier Arzalluz y Elisabete Bizkarralegorra. Declaramos y nos piden que semanalmente vayamos. No volvemos.<\/p>\n<p>En 1976 comienza a abrirse poco a poco la mano del r\u00e9gimen. Editamos el Euzkadi en la imprenta Estudios Gr\u00e1ficos. Joseba se ocupa de la distribuci\u00f3n, de las charlas y de la organizaci\u00f3n. Creamos un peque\u00f1o aparato de partido con Rosa Araneta, Anabel, Maybe Mardones, Jos\u00e9 Manuel Lekuona, Aitor D\u00edaz, Amaya Aguirre, Bego\u00f1a Ezpeleta, Manu Pagola, Uxune Retolaza, Emilio Mardaras, Patxi Am\u00e9zaga, Peru Ajuria. En enero del 77 permiten la ikurri\u00f1a. Y el 31 de enero con Ajuriaguerra al frente Joseba viaja a Madrid con un grupo de unos treinta alderdikides al \u00abEncuentro con Europa\u00bb donde se presenta el Equipo DC del estado espa\u00f1ol en unas jornadas en el Hotel Meli\u00e1 con pol\u00edticos de renombre europeos que apoyaron nuestra opci\u00f3n ideol\u00f3gica. Y al mes siguiente en Euba y en Iru\u00f1a el PNV sale de la clandestinidad y es Joseba el encargado de toda la organizaci\u00f3n y la log\u00edstica. Elecciones, primer Alderdi Eguna, campa\u00f1as electorales, inauguraciones de batzokis, regreso de Leizaola, reparto del Euzkadi desde las oficinas de la calle Henao, manifestaciones, y lo que es el d\u00eda a d\u00eda de un partido que hab\u00eda salido como una tromba en 1977 y que se convierte en esos a\u00f1os en el eje del pa\u00eds. Me acuerdo de una an\u00e9cdota que Jos\u00e9 Luis Bilbao recordar\u00e1. En todas las campa\u00f1as ven\u00edan gentes con ideas geniales de todo tipo. Desde globos aerost\u00e1ticos, ballenas, matasuegras, avionetas y caramelos. Y una de las ideas era un panel iluminado que pon\u00eda \u00abVota PNV\u00bb. Y nos fuimos al monte, subiendo por Rekaldebrri, Bilbao, Joseba y yo con el inventor del cuadro luminoso. Lo puso en marcha. No se ve\u00eda ni a diez metros.<\/p>\n<p>Joseba se pas\u00f3 cinco a\u00f1os sin parar, hasta que aprobado el estatuto de Gernika en 1979 y formado el gobierno vasco entra en el Departamento de Interior al frente del cual est\u00e1 Lu\u00eds M. Retolaza.<\/p>\n<p>Joseba fue el m\u00e1ximo responsable de la unidad de Informaci\u00f3n de la Ertzaintza desde 1986 hasta 1993, y estaba considerado un hombre clave en la lucha antiterrorista en Euzkadi, por lo que hab\u00eda recibido amenazas y su nombre figuraba como potencial objetivo de ETA. En un comunicado de 1991 ETA lo calific\u00f3 de \u00abdespreciable torturador y asesino de encargo\u00bb despu\u00e9s de que, en agosto de ese a\u00f1o, se hubiese producido un enfrentamiento entre ertzainas y ETA, que se sald\u00f3 con el asesinato del agente Alfonso Mentxaka Lejona y la muerte del miembro de ETA Juan Mar\u00eda Ormaz\u00e1bal.<\/p>\n<p>El 26 de noviembre de 1993 fallec\u00eda en Bilbao Joseba, cuatro d\u00edas despu\u00e9s de que dos integrantes de ETA, un hombre y una mujer, lo tiroteasen delante de su hijo de 16 a\u00f1os al que llevaba en su autom\u00f3vil hasta la parada del autob\u00fas para ir al colegio. El chaval result\u00f3 ileso, pero Goikoetxea recibi\u00f3 dos impactos de bala. Permaneci\u00f3 en coma profundo hasta que falleci\u00f3 a las 17:30 horas del 26 de noviembre.<\/p>\n<p>Esa ma\u00f1ana Joseba se dirig\u00eda desde su domicilio a Sabin Etxea en Bilbao. En la calle T\u00edvoli, tuvo que parar en un sem\u00e1foro en rojo, momento que aprovecharon los miembros de ETA, que le estaban esperando ah\u00ed, para que uno de ellos, el hombre, se acercase al veh\u00edculo y disparase a trav\u00e9s de la ventanilla del conductor.<\/p>\n<p>El asesinato de Joseba Goikoetxea provoc\u00f3 una enorme conmoci\u00f3n. El atentado hab\u00eda venido precedido de una campa\u00f1a intimidatoria de ETA contra la Ertzaintza en el diario Egin y su entorno. De hecho, a la campa\u00f1a de Egin contra la Ertzaintza se hab\u00eda sumado con entusiasmo HB que, en agosto de ese a\u00f1o, pocos d\u00edas despu\u00e9s de que un grupo de j\u00f3venes diera una brutal paliza a un ertzaina en Bilbao, hab\u00eda amenazado con responder \u00abde forma adecuada\u00bb a la Polic\u00eda vasca.<\/p>\n<p>En una nota hecha p\u00fablica a \u00faltima hora de la tarde la direcci\u00f3n del PNV dijo: \u00abSepa el diario Egin, sepa KAS y sepa ETA, que les consideramos un todo, que ha atentado directamente contra el PNV y que desde esta valoraci\u00f3n ser\u00e1n tratados por este partido\u00bb.<\/p>\n<p>Herri Batasuna, por su parte, emiti\u00f3 un comunicado en el que se\u00f1alaba que el asesinato era una consecuencia de que la Ertzaintza \u00abpor decisi\u00f3n pol\u00edtica del PNV, quiere ser puesta en manos de la estrategia del Estado, convirti\u00e9ndola en un elemento represivo de primer orden contra las reivindicaciones de nuestro pueblo\u00bb.<\/p>\n<p>Los compa\u00f1eros de Goikoetxea encendieron el d\u00eda anterior a su fallecimiento, una llama simb\u00f3lica en los jardines de Albia, en Bilbao. Los agentes, agrupados en la Plataforma Hemen Gaude (Aqu\u00ed Estamos), colocaron tambi\u00e9n un libro para que los ciudadanos expresasen con su firma su rechazo a la violencia. El presidente del Tribunal Superior de Justicia vasco, Juan Bautista Pardo, fue el primero en firmar. El segundo, Atutxa. Tras su fallecimiento, el PNV hizo un llamamiento para que se acudiese a la capilla ardiente que se hab\u00eda instalado en Sabin Etxea. Desde all\u00ed, el 27 de noviembre el f\u00e9retro fue llevado a la Bas\u00edlica de Bego\u00f1a, donde se celebr\u00f3 el funeral a las siete de la tarde con la asistencia de miles de personas. El EBB solicit\u00f3 a los ciudadanos que manifestasen su repulsa luciendo en los balcones y las ventanas ikurri\u00f1as con crespones negros. El mismo d\u00eda del funeral, miles de personas secundaron la manifestaci\u00f3n convocada por los sindicatos de la Ertzaintza.<\/p>\n<p>A Joseba le mat\u00f3 ETA. \u00c9sta tambi\u00e9n es parte de la historia.<\/p>\n<p>&nbsp;<\/p>\n<!-- AddThis Advanced Settings generic via filter on the_content --><!-- AddThis Share Buttons generic via filter on the_content -->","protected":false},"excerpt":{"rendered":"<p>Domingo 20 de octubre de 2013 Los Alderdi Eguna sirven, entre otras muchas cosas, para saludar a personas que hac\u00eda tiempo no ve\u00edas. Eso me pas\u00f3 el domingo 29 de septiembre. All\u00ed salud\u00e9 a Rosa Rodero, viuda de Joseba Goikoetxea. Y hablamos de c\u00f3mo el 26 de noviembre se cumplen veinte a\u00f1os del asesinato de &hellip; <a href=\"https:\/\/blogs.deia.eus\/anasagasti\/2013\/10\/20\/cuando-eta-mato-a-joseba\/\" class=\"more-link\">Sigue leyendo <span class=\"screen-reader-text\">Cuando ETA mat\u00f3 a Joseba<\/span><\/a><!-- AddThis Advanced Settings generic via filter on get_the_excerpt --><!-- AddThis Share Buttons generic via filter on get_the_excerpt --><\/p>\n","protected":false},"author":19,"featured_media":0,"comment_status":"open","ping_status":"open","sticky":false,"template":"","format":"standard","meta":{"footnotes":""},"categories":[1],"tags":[],"class_list":["post-4602","post","type-post","status-publish","format-standard","hentry","category-general"],"_links":{"self":[{"href":"https:\/\/blogs.deia.eus\/anasagasti\/wp-json\/wp\/v2\/posts\/4602","targetHints":{"allow":["GET"]}}],"collection":[{"href":"https:\/\/blogs.deia.eus\/anasagasti\/wp-json\/wp\/v2\/posts"}],"about":[{"href":"https:\/\/blogs.deia.eus\/anasagasti\/wp-json\/wp\/v2\/types\/post"}],"author":[{"embeddable":true,"href":"https:\/\/blogs.deia.eus\/anasagasti\/wp-json\/wp\/v2\/users\/19"}],"replies":[{"embeddable":true,"href":"https:\/\/blogs.deia.eus\/anasagasti\/wp-json\/wp\/v2\/comments?post=4602"}],"version-history":[{"count":2,"href":"https:\/\/blogs.deia.eus\/anasagasti\/wp-json\/wp\/v2\/posts\/4602\/revisions"}],"predecessor-version":[{"id":4604,"href":"https:\/\/blogs.deia.eus\/anasagasti\/wp-json\/wp\/v2\/posts\/4602\/revisions\/4604"}],"wp:attachment":[{"href":"https:\/\/blogs.deia.eus\/anasagasti\/wp-json\/wp\/v2\/media?parent=4602"}],"wp:term":[{"taxonomy":"category","embeddable":true,"href":"https:\/\/blogs.deia.eus\/anasagasti\/wp-json\/wp\/v2\/categories?post=4602"},{"taxonomy":"post_tag","embeddable":true,"href":"https:\/\/blogs.deia.eus\/anasagasti\/wp-json\/wp\/v2\/tags?post=4602"}],"curies":[{"name":"wp","href":"https:\/\/api.w.org\/{rel}","templated":true}]}}