{"id":4605,"date":"2013-10-23T20:46:40","date_gmt":"2013-10-23T18:46:40","guid":{"rendered":"http:\/\/blogs.deia.com\/anasagasti\/?p=4605"},"modified":"2013-10-23T20:46:40","modified_gmt":"2013-10-23T18:46:40","slug":"tienen-un-merito-extraordinario","status":"publish","type":"post","link":"https:\/\/blogs.deia.eus\/anasagasti\/2013\/10\/23\/tienen-un-merito-extraordinario\/","title":{"rendered":"Tienen un m\u00e9rito extraordinario"},"content":{"rendered":"<p><b>Mi\u00e9rcoles 23 de octubre de 2013<\/b><\/p>\n<p>Hay cosas muy meritorias que pasan un poco desapercibidas. Una de ellas es, desde el franquismo, el movimiento de las ikastolas. Amparadas por la Iglesia bajo la dictadura, motorizadas por las familias en la legalidad.<\/p>\n<p>El domingo se celebr\u00f3 el Nafarroa Oinez con un considerable \u00e9xito. Lo percibido era para ayudar a la ikastola Argia de Tudela que tiene una deuda de dos millones de euros porque no recibe ayuda alguna del gobierno antivasco de Pamplona. Ni ayuda para los comedores, ni ayuda para el transporte. Pero ah\u00ed est\u00e1n 150 familias que han sacado 17 cursos a pulso y que son merecedores de un monumento, como en Viana. En autob\u00fas buscando chavales por 14 localidades, llevados por los padres, la Ikastola poco a poco ha ido logrando que en aquel p\u00e1ramo castellano se escuche la \u00ablingua navarrorum\u00bb. Y ha sido un p\u00e1ramo porque entre UPN y el PSN decidieron que en el viejo reino, como en la Sud\u00e1frica del apartheid hubiera bantustanes, es decir, lugares donde se puede ense\u00f1ar euskera y lugares en los que no. Zona vasc\u00f3fona, zona de lengua castellana. Y el PSN callado.<\/p>\n<p>Tutera ha celebrado por todo lo alto el Nafarroa Oinez, la fiesta con la que la ikastola Argia quiere reconocer la labor de colectivos, particulares, asociaciones, cooperativistas e iniciativas diversas que poyan la expansi\u00f3n del euskera en la Ribera navarra. Una peque\u00f1a ikastola, con tres d\u00e9cadas de historia y de lucha por mantener la lengua vasca en un espacio que la normativa antiforal declara \u00abno vasc\u00f3fona\u00bb. La ilusi\u00f3n de los 215 alumnos y alumnas y del profesorado, del personal no docente, de las familias de todos ellos ha sido el principal reclamo de una fiesta que, con un lema alusivo a la unidad de latidos a palpitar por el euskera, \u201cTaupadaz bat egin\u201d, ha sido un \u00e9xito. \u00a1Zorionak!<\/p>\n<p>&nbsp;<\/p>\n<!-- AddThis Advanced Settings generic via filter on the_content --><!-- AddThis Share Buttons generic via filter on the_content -->","protected":false},"excerpt":{"rendered":"<p>Mi\u00e9rcoles 23 de octubre de 2013 Hay cosas muy meritorias que pasan un poco desapercibidas. Una de ellas es, desde el franquismo, el movimiento de las ikastolas. Amparadas por la Iglesia bajo la dictadura, motorizadas por las familias en la legalidad. El domingo se celebr\u00f3 el Nafarroa Oinez con un considerable \u00e9xito. Lo percibido era &hellip; <a href=\"https:\/\/blogs.deia.eus\/anasagasti\/2013\/10\/23\/tienen-un-merito-extraordinario\/\" class=\"more-link\">Sigue leyendo <span class=\"screen-reader-text\">Tienen un m\u00e9rito extraordinario<\/span><\/a><!-- AddThis Advanced Settings generic via filter on get_the_excerpt --><!-- AddThis Share Buttons generic via filter on get_the_excerpt --><\/p>\n","protected":false},"author":19,"featured_media":0,"comment_status":"open","ping_status":"open","sticky":false,"template":"","format":"standard","meta":{"footnotes":""},"categories":[1],"tags":[],"class_list":["post-4605","post","type-post","status-publish","format-standard","hentry","category-general"],"_links":{"self":[{"href":"https:\/\/blogs.deia.eus\/anasagasti\/wp-json\/wp\/v2\/posts\/4605","targetHints":{"allow":["GET"]}}],"collection":[{"href":"https:\/\/blogs.deia.eus\/anasagasti\/wp-json\/wp\/v2\/posts"}],"about":[{"href":"https:\/\/blogs.deia.eus\/anasagasti\/wp-json\/wp\/v2\/types\/post"}],"author":[{"embeddable":true,"href":"https:\/\/blogs.deia.eus\/anasagasti\/wp-json\/wp\/v2\/users\/19"}],"replies":[{"embeddable":true,"href":"https:\/\/blogs.deia.eus\/anasagasti\/wp-json\/wp\/v2\/comments?post=4605"}],"version-history":[{"count":2,"href":"https:\/\/blogs.deia.eus\/anasagasti\/wp-json\/wp\/v2\/posts\/4605\/revisions"}],"predecessor-version":[{"id":4607,"href":"https:\/\/blogs.deia.eus\/anasagasti\/wp-json\/wp\/v2\/posts\/4605\/revisions\/4607"}],"wp:attachment":[{"href":"https:\/\/blogs.deia.eus\/anasagasti\/wp-json\/wp\/v2\/media?parent=4605"}],"wp:term":[{"taxonomy":"category","embeddable":true,"href":"https:\/\/blogs.deia.eus\/anasagasti\/wp-json\/wp\/v2\/categories?post=4605"},{"taxonomy":"post_tag","embeddable":true,"href":"https:\/\/blogs.deia.eus\/anasagasti\/wp-json\/wp\/v2\/tags?post=4605"}],"curies":[{"name":"wp","href":"https:\/\/api.w.org\/{rel}","templated":true}]}}