{"id":4608,"date":"2013-10-24T22:28:20","date_gmt":"2013-10-24T20:28:20","guid":{"rendered":"http:\/\/blogs.deia.com\/anasagasti\/?p=4608"},"modified":"2013-10-24T22:28:20","modified_gmt":"2013-10-24T20:28:20","slug":"por-que-piden-justicia-en-lugar-de-venganza","status":"publish","type":"post","link":"https:\/\/blogs.deia.eus\/anasagasti\/2013\/10\/24\/por-que-piden-justicia-en-lugar-de-venganza\/","title":{"rendered":"Por qu\u00e9 piden justicia en lugar de venganza"},"content":{"rendered":"<p><b>Jueves 24 de octubre de 2013<\/b><\/p>\n<p>Toda v\u00edctima del terrorismo de ETA, del Gal, de la extrema derecha tiene todo el derecho, incluso a excederse en sus manifestaciones. La p\u00e9rdida de un ser querido en funci\u00f3n de que un asesino haya matado a su deudo lo justifica. Y no me refiero por tanto a las V\u00edctimas ni a sus Asociaciones, aunque en estas hay graduaciones a la hora de la cr\u00edtica.<\/p>\n<p>Lo que no entiendo es el planteamiento de esa extrema derecha del PP que va a estar en la manifestaci\u00f3n de Madrid el domingo como si In\u00e9s del R\u00edo no hubiera cumplido 26 a\u00f1os de prisi\u00f3n (el general Galindo, otro asesino solo cuatro) y como si el Tribunal de Estrasburgo, el mismo que\u00a0 valid\u00f3 la\u00a0 impugnaci\u00f3n de HB y de la ley de partidos, fuera un Tribunal de simpatizantes de ETA.<\/p>\n<p>La manifestaci\u00f3n del domingo solo tiene una explicaci\u00f3n. Solo se quiere justicia retroactiva, pero que no se toque el franquismo, y solo se desea venganza. Y as\u00ed una sociedad sana, no prospera.<\/p>\n<p>Esperanza Aguirre, Ana Botella, Ignacio Astarloa y dem\u00e1s conspicuos miembros del PP sacan a la calle a la extrema derecha de su partido, que es en lo que se han convertido.<\/p>\n<p>Todos condenamos a ETA y deseamos que desaparezca y entregue las armas, pero lo que van a hacer estos ep\u00edgonos del franquismo es pedir venganza, no justicia. Y no tiene nada que ver con el apoyo a las V\u00edctimas de una barbarie.<\/p>\n<p>&nbsp;<\/p>\n<!-- AddThis Advanced Settings generic via filter on the_content --><!-- AddThis Share Buttons generic via filter on the_content -->","protected":false},"excerpt":{"rendered":"<p>Jueves 24 de octubre de 2013 Toda v\u00edctima del terrorismo de ETA, del Gal, de la extrema derecha tiene todo el derecho, incluso a excederse en sus manifestaciones. La p\u00e9rdida de un ser querido en funci\u00f3n de que un asesino haya matado a su deudo lo justifica. Y no me refiero por tanto a las &hellip; <a href=\"https:\/\/blogs.deia.eus\/anasagasti\/2013\/10\/24\/por-que-piden-justicia-en-lugar-de-venganza\/\" class=\"more-link\">Sigue leyendo <span class=\"screen-reader-text\">Por qu\u00e9 piden justicia en lugar de venganza<\/span><\/a><!-- AddThis Advanced Settings generic via filter on get_the_excerpt --><!-- AddThis Share Buttons generic via filter on get_the_excerpt --><\/p>\n","protected":false},"author":19,"featured_media":0,"comment_status":"open","ping_status":"open","sticky":false,"template":"","format":"standard","meta":{"footnotes":""},"categories":[1],"tags":[],"class_list":["post-4608","post","type-post","status-publish","format-standard","hentry","category-general"],"_links":{"self":[{"href":"https:\/\/blogs.deia.eus\/anasagasti\/wp-json\/wp\/v2\/posts\/4608","targetHints":{"allow":["GET"]}}],"collection":[{"href":"https:\/\/blogs.deia.eus\/anasagasti\/wp-json\/wp\/v2\/posts"}],"about":[{"href":"https:\/\/blogs.deia.eus\/anasagasti\/wp-json\/wp\/v2\/types\/post"}],"author":[{"embeddable":true,"href":"https:\/\/blogs.deia.eus\/anasagasti\/wp-json\/wp\/v2\/users\/19"}],"replies":[{"embeddable":true,"href":"https:\/\/blogs.deia.eus\/anasagasti\/wp-json\/wp\/v2\/comments?post=4608"}],"version-history":[{"count":2,"href":"https:\/\/blogs.deia.eus\/anasagasti\/wp-json\/wp\/v2\/posts\/4608\/revisions"}],"predecessor-version":[{"id":4610,"href":"https:\/\/blogs.deia.eus\/anasagasti\/wp-json\/wp\/v2\/posts\/4608\/revisions\/4610"}],"wp:attachment":[{"href":"https:\/\/blogs.deia.eus\/anasagasti\/wp-json\/wp\/v2\/media?parent=4608"}],"wp:term":[{"taxonomy":"category","embeddable":true,"href":"https:\/\/blogs.deia.eus\/anasagasti\/wp-json\/wp\/v2\/categories?post=4608"},{"taxonomy":"post_tag","embeddable":true,"href":"https:\/\/blogs.deia.eus\/anasagasti\/wp-json\/wp\/v2\/tags?post=4608"}],"curies":[{"name":"wp","href":"https:\/\/api.w.org\/{rel}","templated":true}]}}