{"id":4611,"date":"2013-10-27T21:00:02","date_gmt":"2013-10-27T19:00:02","guid":{"rendered":"http:\/\/blogs.deia.com\/anasagasti\/?p=4611"},"modified":"2013-10-27T21:00:02","modified_gmt":"2013-10-27T19:00:02","slug":"a-mayor-gloria-de-felipe-de-borbon","status":"publish","type":"post","link":"https:\/\/blogs.deia.eus\/anasagasti\/2013\/10\/27\/a-mayor-gloria-de-felipe-de-borbon\/","title":{"rendered":"A mayor gloria de Felipe de Borb\u00f3n"},"content":{"rendered":"<p><b>Domingo 27 de octubre de 2013<\/b><b><\/b><\/p>\n<p>El viernes, la primera noticia por la noche en TVE era Felipe de Borb\u00f3n leyendo un discurso en telepronter que no hab\u00eda redactado \u00e9l sobre t\u00f3picos buenistas. \u00abHay que apostar por el rigor, por la seriedad, por el trabajo bien hecho, por respetar la palabra dada&#8230;\u00bbnada que objetar.<\/p>\n<p>Lo hac\u00eda desde Oviedo y con su mujer y como si fuera el presidente de los Estados Unidos. Todo el acto giraba en torno a su persona, mientras los medios p\u00fablicos solo hablaban de la importancia de lo que hab\u00eda dicho y de lo bien que lo hab\u00eda dicho. Repito, todo le\u00eddo y sin que \u00e9l haya redactado nada. Seguramente su padre, celoso, pensar\u00eda lo mal que lo hab\u00eda hecho cuando les envi\u00f3 a los jefes de estado y de gobierno su mensaje en videoconferencia para la Cumbre de Panam\u00e1 de hac\u00eda uno d\u00edas. Pastoso, lleno de t\u00f3picos y diciendo que el a\u00f1o que viene estar\u00eda con ellos. Por si acaso alguien crea que piensa en abdicar. Solt\u00f3 el chistecito de que ten\u00eda que volver a pasar por el taller y aqu\u00ed paz y luego gloria.<\/p>\n<p>Pero volvamos al hijo pues el padre est\u00e1 casi amortizado. Es una indecencia que los Premios Pr\u00edncipe de Asturias sirvan sobre todo para jalear al heredero. Todo se hace en funci\u00f3n de \u00e9l. Se eligen personas acreditadas y premiadas y sobre todo con perfil muy p\u00fablico para que de esta manera el hijo de su padre (no tiene otro m\u00e9rito) brille entregando a autoridades mundiales en sus distintas ramas del saber, el premio que lleva su nombre. Toda una campa\u00f1a de marketing porque esos premios jam\u00e1s se ocupan de gente joven emprendedora, o de los mineros, o de los represaliados bajo el franquismo, o de gente meritoria sin relumbr\u00f3n. Aqu\u00ed todo tiene que ser pol\u00edticamente correcto y sobre todo que de prestigio al heredero.<\/p>\n<p>Una total y absoluta verg\u00fcenza.<\/p>\n<!-- AddThis Advanced Settings generic via filter on the_content --><!-- AddThis Share Buttons generic via filter on the_content -->","protected":false},"excerpt":{"rendered":"<p>Domingo 27 de octubre de 2013 El viernes, la primera noticia por la noche en TVE era Felipe de Borb\u00f3n leyendo un discurso en telepronter que no hab\u00eda redactado \u00e9l sobre t\u00f3picos buenistas. \u00abHay que apostar por el rigor, por la seriedad, por el trabajo bien hecho, por respetar la palabra dada&#8230;\u00bbnada que objetar. Lo &hellip; <a href=\"https:\/\/blogs.deia.eus\/anasagasti\/2013\/10\/27\/a-mayor-gloria-de-felipe-de-borbon\/\" class=\"more-link\">Sigue leyendo <span class=\"screen-reader-text\">A mayor gloria de Felipe de Borb\u00f3n<\/span><\/a><!-- AddThis Advanced Settings generic via filter on get_the_excerpt --><!-- AddThis Share Buttons generic via filter on get_the_excerpt --><\/p>\n","protected":false},"author":19,"featured_media":0,"comment_status":"open","ping_status":"open","sticky":false,"template":"","format":"standard","meta":{"footnotes":""},"categories":[1],"tags":[],"class_list":["post-4611","post","type-post","status-publish","format-standard","hentry","category-general"],"_links":{"self":[{"href":"https:\/\/blogs.deia.eus\/anasagasti\/wp-json\/wp\/v2\/posts\/4611","targetHints":{"allow":["GET"]}}],"collection":[{"href":"https:\/\/blogs.deia.eus\/anasagasti\/wp-json\/wp\/v2\/posts"}],"about":[{"href":"https:\/\/blogs.deia.eus\/anasagasti\/wp-json\/wp\/v2\/types\/post"}],"author":[{"embeddable":true,"href":"https:\/\/blogs.deia.eus\/anasagasti\/wp-json\/wp\/v2\/users\/19"}],"replies":[{"embeddable":true,"href":"https:\/\/blogs.deia.eus\/anasagasti\/wp-json\/wp\/v2\/comments?post=4611"}],"version-history":[{"count":2,"href":"https:\/\/blogs.deia.eus\/anasagasti\/wp-json\/wp\/v2\/posts\/4611\/revisions"}],"predecessor-version":[{"id":4613,"href":"https:\/\/blogs.deia.eus\/anasagasti\/wp-json\/wp\/v2\/posts\/4611\/revisions\/4613"}],"wp:attachment":[{"href":"https:\/\/blogs.deia.eus\/anasagasti\/wp-json\/wp\/v2\/media?parent=4611"}],"wp:term":[{"taxonomy":"category","embeddable":true,"href":"https:\/\/blogs.deia.eus\/anasagasti\/wp-json\/wp\/v2\/categories?post=4611"},{"taxonomy":"post_tag","embeddable":true,"href":"https:\/\/blogs.deia.eus\/anasagasti\/wp-json\/wp\/v2\/tags?post=4611"}],"curies":[{"name":"wp","href":"https:\/\/api.w.org\/{rel}","templated":true}]}}