{"id":4618,"date":"2013-10-30T22:49:59","date_gmt":"2013-10-30T20:49:59","guid":{"rendered":"http:\/\/blogs.deia.com\/anasagasti\/?p=4618"},"modified":"2013-10-30T22:49:59","modified_gmt":"2013-10-30T20:49:59","slug":"el-psoe-es-culpable-que-franco-siga-en-el-valle-de-los-caidos","status":"publish","type":"post","link":"https:\/\/blogs.deia.eus\/anasagasti\/2013\/10\/30\/el-psoe-es-culpable-que-franco-siga-en-el-valle-de-los-caidos\/","title":{"rendered":"El PSOE es culpable que Franco siga en el Valle de los Ca\u00eddos"},"content":{"rendered":"<p><b>Mi\u00e9rcoles 30 de octubre de 2013<\/b><b><\/b><\/p>\n<p>Parece que ahora el PSOE quiere congraciarse con el sentido com\u00fan y la democracia al plantear una iniciativa que nosotros hemos presentado un mill\u00f3n de veces. Sacar a Franco del Valle de los Ca\u00eddos.<\/p>\n<p>No nos olvidemos que en 35 a\u00f1os no han hecho absolutamente nada m\u00e1s que seguir al pie de la letra eso de que hay que mirar al futuro y meter la basura bajo la alfombra. Es m\u00e1s. Fue Ram\u00f3n J\u00e1uregui como ministro de la presidencia quien no remat\u00f3 la faena de la comisi\u00f3n de expertos de que Franco fuera enterrado en un pante\u00f3n familiar. \u00c9l es, entre otros muchos, con Felipe Gonz\u00e1lez, Rodr\u00edguez Zapatero y P\u00e9rez Rubalcaba los grandes culpables de que esa ignominia siga ah\u00ed, como recuerdo de un golpe militar y de un genocidio, en un lugar construido adem\u00e1s con el sudor y la sangre de los presos republicanos y nacionalistas.<\/p>\n<p>Y es que al <strong>PSOE<\/strong> le sigue preocupando mucho el avance de IU en la encuestas. Hoy lo vuelven a demostrar <em>rob\u00e1ndole<\/em> al grupo de <a href=\"http:\/\/es.noticias.yahoo.com\/temas\/cayo-lara\/\">Cayo Lara<\/a> otro cl\u00e1sico: <strong>Franco<\/strong>.<\/p>\n<p>Los socialistas acaban de registrar una iniciativa parlamentaria que <strong>pide que se exhumen sus restos <\/strong>para \u00abentreg\u00e1rselos a su familia o trasladarlos a un lugar m\u00e1s adecuado\u00bb. El objetivo es <strong>convertir el Valle de los Ca\u00eddos en un espacio para el reencuentro y la cultura<\/strong>. Es decir, recogen las conclusiones de los expertos a los que Zapatero encarg\u00f3 al final de su \u00faltimo mandato un informe sobre qu\u00e9 destino darle al monumento y que Ram\u00f3n J\u00e1uregui dej\u00f3 sin cumplir.<\/p>\n<p>Han pasado dos a\u00f1os desde que se present\u00f3 aquel documento y ni Franco ni el Valle de los Ca\u00eddos parecen haber vuelto a las prioridades socialistas y ahora el PSOE lo repesca porque las encuestas achuchan, y en pol\u00edtica, los gestos son necesarios. \u00a0<strong>La iniciativa es poco m\u00e1s que eso<\/strong> porque el formato -una proposici\u00f3n no de Ley a debatir en la Comisi\u00f3n Constitucional- no augura m\u00e1s recorrido. <strong>Los votos en contra, al menos del PP, cerrar\u00e1n el debate en poco m\u00e1s de media hora.<\/strong><strong><\/strong><\/p>\n<p>A principio de mes el <strong>PSOE<\/strong> hac\u00eda otro gui\u00f1o al electorado de izquierdas: ped\u00eda que <strong>la Casa Real explicase en el Congreso en qu\u00e9 se gasta el dinero de los Presupuestos<\/strong> al igual que hacen cada a\u00f1o otras Instituciones del Estado. Los votos del PP impidieron que la propuesta prosperase, pero adem\u00e1s su portavoz, Alfonso Alonso, reproch\u00f3 a los socialistas la contradicci\u00f3n que supon\u00eda pedir explicaciones sobre las cuentas a la Casa del Rey tan solo unos d\u00edas despu\u00e9s de votar en contra de la <strong>Ley de Transparencia<\/strong>, que ya obliga a la casa real a hacer p\u00fablicos sus gastos.<\/p>\n<p>Si el PSOE, la SER, El Pa\u00eds, y toda la progres\u00eda democr\u00e1tica cogiera de verdad esta bandera, Franco duraba all\u00ed dos minutos. Pero esto es tan solo un saludo a la bandera.<\/p>\n<p>&nbsp;<\/p>\n<!-- AddThis Advanced Settings generic via filter on the_content --><!-- AddThis Share Buttons generic via filter on the_content -->","protected":false},"excerpt":{"rendered":"<p>Mi\u00e9rcoles 30 de octubre de 2013 Parece que ahora el PSOE quiere congraciarse con el sentido com\u00fan y la democracia al plantear una iniciativa que nosotros hemos presentado un mill\u00f3n de veces. Sacar a Franco del Valle de los Ca\u00eddos. No nos olvidemos que en 35 a\u00f1os no han hecho absolutamente nada m\u00e1s que seguir &hellip; <a href=\"https:\/\/blogs.deia.eus\/anasagasti\/2013\/10\/30\/el-psoe-es-culpable-que-franco-siga-en-el-valle-de-los-caidos\/\" class=\"more-link\">Sigue leyendo <span class=\"screen-reader-text\">El PSOE es culpable que Franco siga en el Valle de los Ca\u00eddos<\/span><\/a><!-- AddThis Advanced Settings generic via filter on get_the_excerpt --><!-- AddThis Share Buttons generic via filter on get_the_excerpt --><\/p>\n","protected":false},"author":19,"featured_media":0,"comment_status":"open","ping_status":"open","sticky":false,"template":"","format":"standard","meta":{"footnotes":""},"categories":[1],"tags":[],"class_list":["post-4618","post","type-post","status-publish","format-standard","hentry","category-general"],"_links":{"self":[{"href":"https:\/\/blogs.deia.eus\/anasagasti\/wp-json\/wp\/v2\/posts\/4618","targetHints":{"allow":["GET"]}}],"collection":[{"href":"https:\/\/blogs.deia.eus\/anasagasti\/wp-json\/wp\/v2\/posts"}],"about":[{"href":"https:\/\/blogs.deia.eus\/anasagasti\/wp-json\/wp\/v2\/types\/post"}],"author":[{"embeddable":true,"href":"https:\/\/blogs.deia.eus\/anasagasti\/wp-json\/wp\/v2\/users\/19"}],"replies":[{"embeddable":true,"href":"https:\/\/blogs.deia.eus\/anasagasti\/wp-json\/wp\/v2\/comments?post=4618"}],"version-history":[{"count":2,"href":"https:\/\/blogs.deia.eus\/anasagasti\/wp-json\/wp\/v2\/posts\/4618\/revisions"}],"predecessor-version":[{"id":4620,"href":"https:\/\/blogs.deia.eus\/anasagasti\/wp-json\/wp\/v2\/posts\/4618\/revisions\/4620"}],"wp:attachment":[{"href":"https:\/\/blogs.deia.eus\/anasagasti\/wp-json\/wp\/v2\/media?parent=4618"}],"wp:term":[{"taxonomy":"category","embeddable":true,"href":"https:\/\/blogs.deia.eus\/anasagasti\/wp-json\/wp\/v2\/categories?post=4618"},{"taxonomy":"post_tag","embeddable":true,"href":"https:\/\/blogs.deia.eus\/anasagasti\/wp-json\/wp\/v2\/tags?post=4618"}],"curies":[{"name":"wp","href":"https:\/\/api.w.org\/{rel}","templated":true}]}}