{"id":4621,"date":"2013-10-31T22:38:36","date_gmt":"2013-10-31T20:38:36","guid":{"rendered":"http:\/\/blogs.deia.com\/anasagasti\/?p=4621"},"modified":"2013-10-31T22:38:36","modified_gmt":"2013-10-31T20:38:36","slug":"argentina-quiebra-la-impunidad-franquista","status":"publish","type":"post","link":"https:\/\/blogs.deia.eus\/anasagasti\/2013\/10\/31\/argentina-quiebra-la-impunidad-franquista\/","title":{"rendered":"Argentina quiebra la impunidad franquista"},"content":{"rendered":"<p><b>Jueves 31 de octubre de 2013<\/b><b><\/b><\/p>\n<p>Tras m\u00e1s de setenta a\u00f1os, mu\u00adchos mayores siguen sin atreverse a hablar en voz alta de asesinatos, robos y humillaciones. Muchas hijas contin\u00faan sin saber, respetando silencios y equiparando causas. Muchos nietos han decidido que esas historias no tienen nada que ver con ellos. Pero otras muchas personas, de todas las edades y desde muchos puntos del mundo, sienten estos d\u00edas que tal vez ahora s\u00ed que ha llegado el momento, que al franquismo se le ha terminado la impunidad y que las vidas que han alimentado tantas novelas van a saltar de las p\u00e1ginas al banquillo.<\/p>\n<p>A mediados de septiembre, la jueza argentina Mar\u00eda Servini de Cubr\u00eda pidi\u00f3, a trav\u00e9s de la Interpol, la extradici\u00f3n de cuatro altos funcionarios policiales y de la Guardia Civil, en la causa abierta en ese pa\u00eds para juzgar los cr\u00edmenes del franquismo. Unos d\u00edas despu\u00e9s, Argentina habilit\u00f3 sus consulados en todo el mundo para que puedan recibir denuncias de las v\u00edctimas.<\/p>\n<p>Han pasado m\u00e1s de tres a\u00f1os desde que esta enorme causa se abri\u00f3 en Argentina. La hemeroteca no sabe mentir y nos recuerda nuestra tozudez: \u00abLa puerta que ha abierto la justicia argentina viene a aliviar la verg\u00fcenza que nos produc\u00eda a tantas y tantas personas pensar que el Estado que hab\u00eda logrado extraditar a Pinochet no era capaz de condenar por cr\u00edmenes contra la humanidad a ning\u00fan &#8216;Scilingo franquista\u201d.<\/p>\n<p>En esas fechas ya hab\u00eda comenzado el calvario del juez Baltasar Garz\u00f3n, contra quien en primer lugar presentaron una querella varios grupos ultraderechistas. Por las mismas fechas, y por aplastante mayo\u00adr\u00eda, el Congreso espa\u00f1ol limit\u00f3 la jurisdicci\u00f3n universal ante, como se carcaje\u00f3 cierta prensa fascista, \u00ablos excesos de los jueces estrella\u00bb (es decir, limitaron procesos judiciales como los emprendidos por cr\u00edmenes de genocidio y torturas cometidos en Argentina, Chile, Guatemala y El Salvador). En febrero de 2012, tras otras querellas por prevaricaci\u00f3n y\/o cohecho, Garz\u00f3n qued\u00f3 expulsado de la carrera judicial; mientras los viejos poderes, las mismas familias (ahora en la \u00e9lite pol\u00edtica, ahora en la econ\u00f3mica, ahora otra vez en la pol\u00edtica) brindaron y rieron pensando que en verdad hab\u00eda quedado todo atado y bien atado.<\/p>\n<p>Est\u00e1 costando tanto, tanto, que en el camino seguimos perdiendo irrecuperables testimonios vivos. Ahora vuelven a llegarnos fuerzas para desatar estos terribles nudos de desmemoria, poner nombres y apellidos a los verdugos y contar muy alta esta historia de humillaciones, ejecuciones extrajudiciales, detenciones ilegales, violaciones, trabajos forzados, asesinatos, robos de ni\u00f1os, robos de tierras&#8230; No han prescrito.<\/p>\n<p>&nbsp;<\/p>\n<!-- AddThis Advanced Settings generic via filter on the_content --><!-- AddThis Share Buttons generic via filter on the_content -->","protected":false},"excerpt":{"rendered":"<p>Jueves 31 de octubre de 2013 Tras m\u00e1s de setenta a\u00f1os, mu\u00adchos mayores siguen sin atreverse a hablar en voz alta de asesinatos, robos y humillaciones. Muchas hijas contin\u00faan sin saber, respetando silencios y equiparando causas. Muchos nietos han decidido que esas historias no tienen nada que ver con ellos. Pero otras muchas personas, de &hellip; <a href=\"https:\/\/blogs.deia.eus\/anasagasti\/2013\/10\/31\/argentina-quiebra-la-impunidad-franquista\/\" class=\"more-link\">Sigue leyendo <span class=\"screen-reader-text\">Argentina quiebra la impunidad franquista<\/span><\/a><!-- AddThis Advanced Settings generic via filter on get_the_excerpt --><!-- AddThis Share Buttons generic via filter on get_the_excerpt --><\/p>\n","protected":false},"author":19,"featured_media":0,"comment_status":"open","ping_status":"open","sticky":false,"template":"","format":"standard","meta":{"footnotes":""},"categories":[1],"tags":[],"class_list":["post-4621","post","type-post","status-publish","format-standard","hentry","category-general"],"_links":{"self":[{"href":"https:\/\/blogs.deia.eus\/anasagasti\/wp-json\/wp\/v2\/posts\/4621","targetHints":{"allow":["GET"]}}],"collection":[{"href":"https:\/\/blogs.deia.eus\/anasagasti\/wp-json\/wp\/v2\/posts"}],"about":[{"href":"https:\/\/blogs.deia.eus\/anasagasti\/wp-json\/wp\/v2\/types\/post"}],"author":[{"embeddable":true,"href":"https:\/\/blogs.deia.eus\/anasagasti\/wp-json\/wp\/v2\/users\/19"}],"replies":[{"embeddable":true,"href":"https:\/\/blogs.deia.eus\/anasagasti\/wp-json\/wp\/v2\/comments?post=4621"}],"version-history":[{"count":2,"href":"https:\/\/blogs.deia.eus\/anasagasti\/wp-json\/wp\/v2\/posts\/4621\/revisions"}],"predecessor-version":[{"id":4623,"href":"https:\/\/blogs.deia.eus\/anasagasti\/wp-json\/wp\/v2\/posts\/4621\/revisions\/4623"}],"wp:attachment":[{"href":"https:\/\/blogs.deia.eus\/anasagasti\/wp-json\/wp\/v2\/media?parent=4621"}],"wp:term":[{"taxonomy":"category","embeddable":true,"href":"https:\/\/blogs.deia.eus\/anasagasti\/wp-json\/wp\/v2\/categories?post=4621"},{"taxonomy":"post_tag","embeddable":true,"href":"https:\/\/blogs.deia.eus\/anasagasti\/wp-json\/wp\/v2\/tags?post=4621"}],"curies":[{"name":"wp","href":"https:\/\/api.w.org\/{rel}","templated":true}]}}