{"id":4633,"date":"2013-11-05T21:49:50","date_gmt":"2013-11-05T19:49:50","guid":{"rendered":"http:\/\/blogs.deia.com\/anasagasti\/?p=4633"},"modified":"2013-11-05T21:49:50","modified_gmt":"2013-11-05T19:49:50","slug":"tenemos-el-concierto","status":"publish","type":"post","link":"https:\/\/blogs.deia.eus\/anasagasti\/2013\/11\/05\/tenemos-el-concierto\/","title":{"rendered":"Tenemos el Concierto"},"content":{"rendered":"<p><b>Martes 5 de noviembre de 2013<\/b><\/p>\n<p>En momentos en los que cunde el miedo y la preocupaci\u00f3n por la situaci\u00f3n de Fagor Electrodom\u00e9sticos se impone actuar con la cabeza fr\u00eda. El derrumbe del mercado y una gesti\u00f3n que no previ\u00f3 dicha ca\u00edda les ha llevado a la actual situaci\u00f3n que se remontar\u00e1 porque el Grupo MCC es un gran Grupo Industrial y de Servicios que van a aprender con lo que les ha ocurrido.<\/p>\n<p>En Euzkadi la situaci\u00f3n es de lenta mejor\u00eda. Poco a poco.<\/p>\n<p>Con la misma legislaci\u00f3n laboral, en Euzkadi hay menos de la mitad de paro en Espa\u00f1a. El modelo vasco es el mismo. El peso de la industria en su PIB es del 30%. Euzkadi tiene un 28 por mil de titulados superiores en especialidades t\u00e9cnico cient\u00edficas (Espa\u00f1a 18) y hasta el advenimiento de Patxi L\u00f3pez, que puso en marcha el modelo espa\u00f1ol invert\u00eda tres veces lo que invierte Espa\u00f1a en I+D+I sobre su PIB. Esto no es casualidad. En 1980 Euzkadi era una ruina industrial, pero las autoridades vascas aplicaron pol\u00edticas industriales completamente opuestas a las aplicadas en Espa\u00f1a y las fueron financiando con el Concierto Econ\u00f3mico que ofrec\u00eda m\u00e1s ingresos a medida que crec\u00eda la econom\u00eda porque ese es el sentido del Concierto. No es un privilegio. Es un ejercicio de responsabilidad. Si te va bien tienes dinero. Si te va mal, no y adem\u00e1s el estado no te puede rescatar. Resultado. En treinta a\u00f1os Euzkadi es la \u00fanica regi\u00f3n europea que ha multiplicado su PIB por diez y la regi\u00f3n europea con m\u00e1s progresividad en el gasto social. Sigan pensando que el PNV gana las elecciones porque la gente es tonta y pueblerina y seguir\u00e1n perdi\u00e9ndolas siglo tras siglo unos partidos llamados constitucionalistas que a\u00fan no se enteran de por d\u00f3nde va la pelota en el mundo de hoy.<\/p>\n<p>&nbsp;<\/p>\n<!-- AddThis Advanced Settings generic via filter on the_content --><!-- AddThis Share Buttons generic via filter on the_content -->","protected":false},"excerpt":{"rendered":"<p>Martes 5 de noviembre de 2013 En momentos en los que cunde el miedo y la preocupaci\u00f3n por la situaci\u00f3n de Fagor Electrodom\u00e9sticos se impone actuar con la cabeza fr\u00eda. El derrumbe del mercado y una gesti\u00f3n que no previ\u00f3 dicha ca\u00edda les ha llevado a la actual situaci\u00f3n que se remontar\u00e1 porque el Grupo &hellip; <a href=\"https:\/\/blogs.deia.eus\/anasagasti\/2013\/11\/05\/tenemos-el-concierto\/\" class=\"more-link\">Sigue leyendo <span class=\"screen-reader-text\">Tenemos el Concierto<\/span><\/a><!-- AddThis Advanced Settings generic via filter on get_the_excerpt --><!-- AddThis Share Buttons generic via filter on get_the_excerpt --><\/p>\n","protected":false},"author":19,"featured_media":0,"comment_status":"open","ping_status":"open","sticky":false,"template":"","format":"standard","meta":{"footnotes":""},"categories":[1],"tags":[],"class_list":["post-4633","post","type-post","status-publish","format-standard","hentry","category-general"],"_links":{"self":[{"href":"https:\/\/blogs.deia.eus\/anasagasti\/wp-json\/wp\/v2\/posts\/4633","targetHints":{"allow":["GET"]}}],"collection":[{"href":"https:\/\/blogs.deia.eus\/anasagasti\/wp-json\/wp\/v2\/posts"}],"about":[{"href":"https:\/\/blogs.deia.eus\/anasagasti\/wp-json\/wp\/v2\/types\/post"}],"author":[{"embeddable":true,"href":"https:\/\/blogs.deia.eus\/anasagasti\/wp-json\/wp\/v2\/users\/19"}],"replies":[{"embeddable":true,"href":"https:\/\/blogs.deia.eus\/anasagasti\/wp-json\/wp\/v2\/comments?post=4633"}],"version-history":[{"count":2,"href":"https:\/\/blogs.deia.eus\/anasagasti\/wp-json\/wp\/v2\/posts\/4633\/revisions"}],"predecessor-version":[{"id":4635,"href":"https:\/\/blogs.deia.eus\/anasagasti\/wp-json\/wp\/v2\/posts\/4633\/revisions\/4635"}],"wp:attachment":[{"href":"https:\/\/blogs.deia.eus\/anasagasti\/wp-json\/wp\/v2\/media?parent=4633"}],"wp:term":[{"taxonomy":"category","embeddable":true,"href":"https:\/\/blogs.deia.eus\/anasagasti\/wp-json\/wp\/v2\/categories?post=4633"},{"taxonomy":"post_tag","embeddable":true,"href":"https:\/\/blogs.deia.eus\/anasagasti\/wp-json\/wp\/v2\/tags?post=4633"}],"curies":[{"name":"wp","href":"https:\/\/api.w.org\/{rel}","templated":true}]}}