{"id":4646,"date":"2013-11-18T21:53:27","date_gmt":"2013-11-18T19:53:27","guid":{"rendered":"http:\/\/blogs.deia.com\/anasagasti\/?p=4646"},"modified":"2013-11-18T21:53:27","modified_gmt":"2013-11-18T19:53:27","slug":"cena-solidaria-en-barcelona","status":"publish","type":"post","link":"https:\/\/blogs.deia.eus\/anasagasti\/2013\/11\/18\/cena-solidaria-en-barcelona\/","title":{"rendered":"Cena solidaria en Barcelona"},"content":{"rendered":"<p><b>Lunes 18 de noviembre de 2013<\/b><b><\/b><\/p>\n<p>Josep Maldonado es un senador de Convergencia de amplia carrera. Le conoc\u00ed siendo diputado. Hab\u00eda sido Director de Deportes del Gobierno de Pujol. Su poblada barba blanca le distingue, pero no solo ella. Dirige una ONG, \u00abEsport Solidari Internacional\u00bb y \u00abRaquetes sense fronteres\u00bb cuya misi\u00f3n es tratar que en \u00c1frica los ni\u00f1os hagan deporte y no est\u00e9n deambulando por la calle. Los equipa, los instruye, los socializa en los valores de un deporte con reglas y con respeto. Una gran acci\u00f3n.<\/p>\n<p>En agosto todo el mundo sabe que Maldonado desaparece. Se va todo el mes a \u00c1frica. A cualquier pa\u00eds y en \u00e9l contacta, supervisa, anima, detecta. Y as\u00ed a\u00f1o tras a\u00f1o. Y todo eso lo pone a la vista de todos cada noviembre en una cena multitudinaria en el hotel Catalonia Plaza de Barcelona. El que est\u00e1 pegado a la antigua Plaza de Toros hoy convertida en un centro comercial con terraza.<\/p>\n<p>Cada a\u00f1o, Maldonado me invita a esa cena. Se paga 48 euros y ah\u00ed estoy cada a\u00f1o metido en el mundo catal\u00e1n del deporte en su vertiente m\u00e1s solidaria. De hecho, estando en la copichuela previa, me vinieron unos se\u00f1ores muy atentos. Ten\u00edan una mesa llena de un libro con un sugestivo t\u00edtulo: \u00bfQu\u00e9 podemos hacer? Me explicaron que se trataba de los hechos misioneros de \u00c1ngel Olaran, un cura vasco de Hernani, que lleva trabajando en el norte de Etiopia a\u00f1os y cuya labor Josep Jauma destaca y cuyas fotograf\u00edas de Joan Tomas presenta un trabajo y mucha gente sonriendo. El autor del libro me lo obsequi\u00f3 y prolog\u00f3: \u00abPara que conozca y admire las acciones de su compatriota\u00bb.<\/p>\n<p>As\u00ed lo har\u00e9.<\/p>\n<p>Andaba por all\u00ed Patxi Salinas con el presidente del club San Andreu que ahora entrena. Es el tercer equipo de la capital y juega en segunda B. Patxi lo entrena. Ha estado en MaIta. Vive en Barcelona con su hermano Julio y es un tipo simp\u00e1tico. Tambi\u00e9n estaba Montse Candini, una senadora de Convergencia, pero nadie m\u00e1s del mundo de la pol\u00edtica. Aquello solo era deporte y m\u00e1s deporte. No veo en Euzkadi algo as\u00ed. Desgraciadamente.<\/p>\n<p>Me acomodaron en una mesa con varias cantantes, un concejal de Sitges, un empresario de una radio deportiva y gentes que iban a pujar en la subasta del final de la cena que es donde se logra un dinerito para la ONG. En eso me vino por la espalda el alcalde de Barcelona Xavier Trias.<\/p>\n<p>Coincidimos en Madrid siendo \u00e9l portavoz de CIU y yo del PNV. Recordamos como lo pasamos con la mayor\u00eda absoluta de Aznar.<\/p>\n<p>La sala estaba llena. Unas quinientas personas. Y porque no cab\u00eda m\u00e1s gente. Y durante la misma un animador iba dando cuenta de lo hecho por Maldonado y su gente y poniendo en valor hechos humanos, premiando al hijo de un futbolista fallecido, animando a un discapacitado y todo con muy buen humor hasta que empez\u00f3 la subasta que fue animada por quien hace del rey Juan Carlos en el programa Polonia de TV-3, Tony Alb\u00e1.<\/p>\n<p>Y a eso de la una, a la piltra. Y all\u00ed qued\u00f3 Maldonado recibiendo parabienes por una obra bien hecha. Eso es lo que destaqu\u00e9 cuando me hizo subir al escenario y pronunciar dos palabras. \u201cEsto, d\u00edgase lo que se diga, es pol\u00edtica, de la buena pol\u00edtica, de la necesaria pol\u00edtica\u00bb.<\/p>\n<!-- AddThis Advanced Settings generic via filter on the_content --><!-- AddThis Share Buttons generic via filter on the_content -->","protected":false},"excerpt":{"rendered":"<p>Lunes 18 de noviembre de 2013 Josep Maldonado es un senador de Convergencia de amplia carrera. Le conoc\u00ed siendo diputado. Hab\u00eda sido Director de Deportes del Gobierno de Pujol. Su poblada barba blanca le distingue, pero no solo ella. Dirige una ONG, \u00abEsport Solidari Internacional\u00bb y \u00abRaquetes sense fronteres\u00bb cuya misi\u00f3n es tratar que en &hellip; <a href=\"https:\/\/blogs.deia.eus\/anasagasti\/2013\/11\/18\/cena-solidaria-en-barcelona\/\" class=\"more-link\">Sigue leyendo <span class=\"screen-reader-text\">Cena solidaria en Barcelona<\/span><\/a><!-- AddThis Advanced Settings generic via filter on get_the_excerpt --><!-- AddThis Share Buttons generic via filter on get_the_excerpt --><\/p>\n","protected":false},"author":19,"featured_media":0,"comment_status":"open","ping_status":"open","sticky":false,"template":"","format":"standard","meta":{"footnotes":""},"categories":[1],"tags":[],"class_list":["post-4646","post","type-post","status-publish","format-standard","hentry","category-general"],"_links":{"self":[{"href":"https:\/\/blogs.deia.eus\/anasagasti\/wp-json\/wp\/v2\/posts\/4646","targetHints":{"allow":["GET"]}}],"collection":[{"href":"https:\/\/blogs.deia.eus\/anasagasti\/wp-json\/wp\/v2\/posts"}],"about":[{"href":"https:\/\/blogs.deia.eus\/anasagasti\/wp-json\/wp\/v2\/types\/post"}],"author":[{"embeddable":true,"href":"https:\/\/blogs.deia.eus\/anasagasti\/wp-json\/wp\/v2\/users\/19"}],"replies":[{"embeddable":true,"href":"https:\/\/blogs.deia.eus\/anasagasti\/wp-json\/wp\/v2\/comments?post=4646"}],"version-history":[{"count":2,"href":"https:\/\/blogs.deia.eus\/anasagasti\/wp-json\/wp\/v2\/posts\/4646\/revisions"}],"predecessor-version":[{"id":4648,"href":"https:\/\/blogs.deia.eus\/anasagasti\/wp-json\/wp\/v2\/posts\/4646\/revisions\/4648"}],"wp:attachment":[{"href":"https:\/\/blogs.deia.eus\/anasagasti\/wp-json\/wp\/v2\/media?parent=4646"}],"wp:term":[{"taxonomy":"category","embeddable":true,"href":"https:\/\/blogs.deia.eus\/anasagasti\/wp-json\/wp\/v2\/categories?post=4646"},{"taxonomy":"post_tag","embeddable":true,"href":"https:\/\/blogs.deia.eus\/anasagasti\/wp-json\/wp\/v2\/tags?post=4646"}],"curies":[{"name":"wp","href":"https:\/\/api.w.org\/{rel}","templated":true}]}}