{"id":4649,"date":"2013-11-25T22:06:04","date_gmt":"2013-11-25T20:06:04","guid":{"rendered":"http:\/\/blogs.deia.com\/anasagasti\/?p=4649"},"modified":"2013-11-25T22:06:04","modified_gmt":"2013-11-25T20:06:04","slug":"la-democracia-espanola-sigue-honrando-a-un-dictador-sanguinario","status":"publish","type":"post","link":"https:\/\/blogs.deia.eus\/anasagasti\/2013\/11\/25\/la-democracia-espanola-sigue-honrando-a-un-dictador-sanguinario\/","title":{"rendered":"La democracia espa\u00f1ola sigue honrando a un dictador sanguinario"},"content":{"rendered":"<p><b>Lunes 25 de noviembre de 2013<\/b><b><\/b><\/p>\n<p>El pasado martes me contest\u00f3 una pregunta Ruiz Gallard\u00f3n, ministro de Justicia, sobre la exhumaci\u00f3n de Franco del Valle de los Ca\u00eddos. Al d\u00eda siguiente ni un diario se hizo eco de la noticia. Sin embargo, el mi\u00e9rcoles fui a la Forta en Madrid, para, en directo participar en el programa de Claudio Landa. El lunes lo hab\u00eda hecho en ETB en 60 minutos. Y ese d\u00eda me llamaban para acudir aT-5.Y les dije que ten\u00eda un compromiso en Tolosa con el Grupo Parlamentario. Insistieron y me pusieron una conexi\u00f3n que dur\u00f3 desde Ias diez y veinte hasta las 12 de la noche en el Hotel Hesperia de Bilbao.<\/p>\n<p>Comento \u00e9sto porque al mundo audiovisual este asunto le interesaba y sin embargo al del papel nada. Y es uno de los argumentos que utiliza el PP. \u00abMiren ustedes al futuro, dejen de hurgar en el pasado\u00bb. Es una trampa. Con dicha anestesia quieren que ignoremos la verg\u00fcenza que es mantener a sesenta kil\u00f3metros de Madrid un monumento a una victoria militar con dictador y asesinados dentro. Y sin embargo este asunto a las televisiones les da audiencia. Las nuevas generaciones han crecido con un debate hurtado.<\/p>\n<p>El caso es que el panel en Madrid estaba compuesto por la conductora del programa Enma Garc\u00eda y tres franquistas por una parte, P\u00edo Moa, Francis el nieto de Franco y un se\u00f1or que se declar\u00f3 franquista y creo que su apellido era B\u00e1rcenas y por la otra Massiel, Verstrynge y Ant\u00f3n Losada mientras a mi me conectaban desde Bilbao.<\/p>\n<p>Mi tesis fue sencilla: Franco es un no ca\u00eddo, enterrado en el Valle de los Ca\u00eddos. Fue un golpista contra un gobierno leg\u00edtimamente constituido y un asesino. Hubo una ponencia de una comisi\u00f3n de expertos hecha al final del gobierno Zapatero que aprob\u00f3 36 resoluciones y la \u00fanica que no tuvo unanimidad fue la de la exhumaci\u00f3n del cad\u00e1ver. Plantee se le saque de all\u00ed y se le entierre en un pante\u00f3n familiar (la hija ese d\u00eda hab\u00eda dicho que no era partidaria) y que se convirtiera el parque en un lugar de memoria reconciliada o en un Parque tem\u00e1tico sobre la guerra. Alud\u00ed a los benedictinos, los mismos de Montserrat, que mantienen el culto en la Bas\u00edlica, record\u00e9 que all\u00ed est\u00e1n v\u00edctimas de los dos bandos y del bando republicano sin permiso de los familiares, insist\u00ed en que en Berl\u00edn no est\u00e1 Hitler y Mussolini en Roma. Y que en la pregunta que le hice a Gallard\u00f3n \u00e9ste me dijo que su padre hab\u00eda estado en la c\u00e1rcel con Franco y yo coment\u00e9 que hab\u00eda salido al suegro, Utrera Molina, ministro de Franco m\u00e1s que al padre. Del Valle de los Ca\u00eddos y de la Bas\u00edlica se hab\u00edan negado a acudir al programa.<\/p>\n<p>Habl\u00f3 Pi\u00f3 Moa en contra de esta revisi\u00f3n, diciendo que el gobierno republicano no fue democr\u00e1tico, que Franco encontr\u00f3 una Espa\u00f1a hundida y \u00e9l la levant\u00f3, que es mentira el n\u00famero de muertos habidos en la construcci\u00f3n del Valle, que hay ahora antifranquistas que salieron a la muerte del dictador y que la \u00fanica oposici\u00f3n fueron los del PC y los terroristas\u2026, toda una sarta de mentiras y de manipulaciones de la historia.<\/p>\n<p>El nieto de Franco me dijo que su abuelo no fue un asesino ni un dictador y que fue un gran gobernante y que \u00e9l no pidi\u00f3 lo enterraran all\u00ed. El otro franquista dio datos sobre los renglones en la que Espa\u00f1a hab\u00eda crecido con Franco. Por la otra parte, los argumentos fueron los contrarios centr\u00e1ndose m\u00e1s en el antifranquismo y el franquismo que en la presencia de Franco en el Valle.<\/p>\n<p>Me dieron bastante tiempo y al final cerr\u00e9 con un llamamiento a los j\u00f3venes para que lean el libro de S\u00e1nchez Albornoz, hijo de D. Claudio S\u00e1nchez Albornoz que fue un conocido historiador y presidente de la Rep\u00fablica en el exilio y cuyo hijo, Director del Cervantes hab\u00eda sido uno de los presos de aquella ignominia. Record\u00f3 los bombardeos de Gernika, Valencia y Barcelona ante el argumento de que Franco no tuvo que ver nada con aquellos reg\u00edmenes y record\u00e9 asimismo que en Alemania negar el holocausto es un delito. Record\u00e9 tambi\u00e9n como cuando le preguntaron a Besteiro por el oro de Espa\u00f1a dijo que estaba en las c\u00e1rceles, en los cementerios y en las cunetas, dije como se hab\u00edan consignado en los actuales presupuestos 350.000 euros para obras en el Valle, reivindiqu\u00e9 el trabajo de los expertos, coment\u00e9 como el PSOE est\u00e1 cambiando tras 21 a\u00f1os de silencio y de como el PP que tiene dentro una dura extrema derecha no quiere tocar este tema que le molesta porque le pone en evidencia y termin\u00e9 diciendo que aquello es una ignominia democr\u00e1tica y que Franco fue un asesino y que ah\u00ed lo meti\u00f3 el rey Juan Carlos. Y me qued\u00e9 tan a gusto. Decir todo esto a las doce menos cuarto de la noche, cerrar el programa y hacerlo con la presencia del nieto de Franco me permiti\u00f3 un sue\u00f1o posterior de lo m\u00e1s reparador. \u00a1Que a gusto me qued\u00e9!.<\/p>\n<p>Pero Franco sigue en el Valle de los Ca\u00eddos. De momento. M\u00ednimo otros dos a\u00f1os m\u00e1s.<\/p>\n<p>&nbsp;<\/p>\n<!-- AddThis Advanced Settings generic via filter on the_content --><!-- AddThis Share Buttons generic via filter on the_content -->","protected":false},"excerpt":{"rendered":"<p>Lunes 25 de noviembre de 2013 El pasado martes me contest\u00f3 una pregunta Ruiz Gallard\u00f3n, ministro de Justicia, sobre la exhumaci\u00f3n de Franco del Valle de los Ca\u00eddos. Al d\u00eda siguiente ni un diario se hizo eco de la noticia. Sin embargo, el mi\u00e9rcoles fui a la Forta en Madrid, para, en directo participar en &hellip; <a href=\"https:\/\/blogs.deia.eus\/anasagasti\/2013\/11\/25\/la-democracia-espanola-sigue-honrando-a-un-dictador-sanguinario\/\" class=\"more-link\">Sigue leyendo <span class=\"screen-reader-text\">La democracia espa\u00f1ola sigue honrando a un dictador sanguinario<\/span><\/a><!-- AddThis Advanced Settings generic via filter on get_the_excerpt --><!-- AddThis Share Buttons generic via filter on get_the_excerpt --><\/p>\n","protected":false},"author":19,"featured_media":0,"comment_status":"open","ping_status":"open","sticky":false,"template":"","format":"standard","meta":{"footnotes":""},"categories":[1],"tags":[],"class_list":["post-4649","post","type-post","status-publish","format-standard","hentry","category-general"],"_links":{"self":[{"href":"https:\/\/blogs.deia.eus\/anasagasti\/wp-json\/wp\/v2\/posts\/4649","targetHints":{"allow":["GET"]}}],"collection":[{"href":"https:\/\/blogs.deia.eus\/anasagasti\/wp-json\/wp\/v2\/posts"}],"about":[{"href":"https:\/\/blogs.deia.eus\/anasagasti\/wp-json\/wp\/v2\/types\/post"}],"author":[{"embeddable":true,"href":"https:\/\/blogs.deia.eus\/anasagasti\/wp-json\/wp\/v2\/users\/19"}],"replies":[{"embeddable":true,"href":"https:\/\/blogs.deia.eus\/anasagasti\/wp-json\/wp\/v2\/comments?post=4649"}],"version-history":[{"count":2,"href":"https:\/\/blogs.deia.eus\/anasagasti\/wp-json\/wp\/v2\/posts\/4649\/revisions"}],"predecessor-version":[{"id":4651,"href":"https:\/\/blogs.deia.eus\/anasagasti\/wp-json\/wp\/v2\/posts\/4649\/revisions\/4651"}],"wp:attachment":[{"href":"https:\/\/blogs.deia.eus\/anasagasti\/wp-json\/wp\/v2\/media?parent=4649"}],"wp:term":[{"taxonomy":"category","embeddable":true,"href":"https:\/\/blogs.deia.eus\/anasagasti\/wp-json\/wp\/v2\/categories?post=4649"},{"taxonomy":"post_tag","embeddable":true,"href":"https:\/\/blogs.deia.eus\/anasagasti\/wp-json\/wp\/v2\/tags?post=4649"}],"curies":[{"name":"wp","href":"https:\/\/api.w.org\/{rel}","templated":true}]}}