{"id":4652,"date":"2013-11-26T22:02:02","date_gmt":"2013-11-26T20:02:02","guid":{"rendered":"http:\/\/blogs.deia.com\/anasagasti\/?p=4652"},"modified":"2013-11-26T22:02:02","modified_gmt":"2013-11-26T20:02:02","slug":"desayuno-con-paulino-y-alusion-a-izaskun-bilbao","status":"publish","type":"post","link":"https:\/\/blogs.deia.eus\/anasagasti\/2013\/11\/26\/desayuno-con-paulino-y-alusion-a-izaskun-bilbao\/","title":{"rendered":"Desayuno con Paulino y alusi\u00f3n a Izaskun Bilbao"},"content":{"rendered":"<p><b>Martes 26 de noviembre de 2013<\/b><\/p>\n<p>Llego a Madrid en el \u00faltimo avi\u00f3n del domingo. Me encuentro con una pareja parlamentaria y personal que viene de Canarias. Ella es senadora de CIU, el diputado del PP canario. Son buenos amigos. Llego al hotel y veo un magn\u00edfico reportaje sobre Kennedy. No la mil veces imagen de su asesinato. Al d\u00eda siguiente, a las nueve, acud\u00ed a un desayuno en el Ritz del presidente canario Paulino Rivero. Lo presentaba Alfredo P\u00e9rez Rubalcaba. Previamente hab\u00eda saludado a Luis Mardones, el famoso diputado canario durante varias legislaturas que incluso puso en circulaci\u00f3n el verbo \u00abmardonear\u00bb. Un tipo cl\u00e1sico y entra\u00f1able. Tambi\u00e9n estaba la diputada canaria, Rafael Ans\u00f3n, Jose Ignacio Goirigolzarri, Pepe Segura entre otros. Alfredo P\u00e9rez Rubalcaba, la v\u00edspera, hab\u00eda estado en el congreso andaluz de su partido que hab\u00eda elegido a Susana D\u00edaz como su secretaria general. Al pobre Rubalcaba todas las informaciones e insinuaciones se las hac\u00edan para que se fuese, pero el mantuvo un discurso claro contra el PP hablando de que ten\u00edan un programa A y otro B. En la radio, ese lunes, Federico Jim\u00e9nez Losantos se met\u00eda chabacanamente contra la nueva Secretaria. Le ped\u00eda se comprase un sweater dos tallas m\u00e1s grande. La derecha faltona y vulgar.<\/p>\n<p>Rubalcaba present\u00f3 a Paulino Rivero. Puso en claro que su partido y Coalici\u00f3n Canaria son dos opciones distintas pero que el PSOE gobernaba Canarias con Paulino a satisfacci\u00f3n as\u00ed como que es bueno que se vea que los partidos pueden ponerse de acuerdo y apostar por un trabajo conjunto en beneficio de la sociedad. El secretario general del PSOE destac\u00f3 tres cualidades de Paulino Rivero. No haber podido ir a la escuela hasta los trece a\u00f1os, ser maestro, haber sido alcalde treinta a\u00f1os y ser ahora presidente de la Comunidad Aut\u00f3noma Canaria. Tres servicios p\u00fablicos. Y termin\u00f3 insistiendo que los socialistas est\u00e1n muy c\u00f3modos en el gobierno canario.<\/p>\n<p>Paulino Rivero tom\u00f3 la palabra y describi\u00f3 a su comunidad. Dos millones cien mil habitantes, un archipi\u00e9lago a cien kil\u00f3metros de Marruecos y a mil de C\u00e1diz, un 30% de paro, y una industria tur\u00edstica que es el 30% del PIB canario, con deseos de que se ampl\u00ede ya que su gobierno apuesta por insistir en este crecimiento habida cuenta de la situaci\u00f3n geogr\u00e1fica tan estrat\u00e9gica que tienen y de la necesaria diversificaci\u00f3n de los pa\u00edses origen de su turismo. Hasta ahora han sido Gran Breta\u00f1a, Alemania y la pen\u00ednsula, pero ahora est\u00e1n trabajando bien con Francia e Italia, centroeuropa y Rusia sabiendo que en estos pa\u00edses hay un notable potencial para mantener una econom\u00eda sostenible con este rengl\u00f3n de su econom\u00eda.<\/p>\n<p>Abog\u00f3 por la renovaci\u00f3n del parque hotelero y reactivar la construcci\u00f3n y se mostr\u00f3 satisfecho de c\u00f3mo diversas multinacionales norteamericanas, la Cruz Roja Internacional y varias entidades oficiales han apostado por Canarias al ser puerta entre tres continentes y algo que hasta ahora les era adverso, el ser la ultraperiferia de Europa se ha convertido en una situaci\u00f3n estrat\u00e9gica.<\/p>\n<p>No nombr\u00f3 en su primera intervenci\u00f3n nada relacionado con el contencioso que mantiene con Repsol y el gobierno espa\u00f1ol en relaci\u00f3n al petr\u00f3leo. Lo hizo contestando preguntas.<\/p>\n<p>Critic\u00f3 al gobierno Rajoy por el mal trato que les dan y su deseo de actuar sin contar con ellos, incluso habl\u00f3 de \u00abtrato colonial\u00bb. Contest\u00f3 a una pregunta sobre la situaci\u00f3n catalana y sobre un posible rebrote del separatismo canario. Dijo que eso depend\u00eda del trato que les est\u00e1n dando en la metr\u00f3poli abogando por un federalismo asim\u00e9trico y que en el pasado, la posici\u00f3n de juego que ten\u00edan en la pol\u00edtica espa\u00f1ola les hacia conseguir logros para su Comunidad que no se dan ahora con una mayor\u00eda absoluta, pero que cuando ellos consegu\u00edan algo para su archipi\u00e9lago, Baleares se beneficiaba, cosa que no ocurre ahora.<\/p>\n<p>Anunci\u00f3 que iban a pelear para que\u00a0 Aena no privatizara los aeropuertos porque no es la misma situaci\u00f3n la que tienen estas infraestructuras \u00a0en las islas que en la pen\u00ednsula y que los cabildos, el parlamento, el gobierno y las fuerzas vivas est\u00e1n en contra de esta medida que no es tenida en cuenta por el gobierno central.<\/p>\n<p>Fue tajante en relaci\u00f3n al inter\u00e9s de Repsol y del gobierno de iniciar las prospecciones petrol\u00edferas. Dijo que esa ser\u00eda una riqueza coyuntural que da\u00f1ar\u00eda la principal riqueza de las islas que es el turismo y su naturaleza. No est\u00e1 de acuerdo que a nueve kil\u00f3metros de la costa, como de Cibeles al Bernabeu, haya pozos que extraigan el hidrocarburo porque su principal riqueza sostenible es el turismo que va a crecer y ellos adem\u00e1s apuestan por las energ\u00edas limpias. Ha contado el movimiento que hubo con Marruecos para que no construyeran una central nuclear cerca de Canarias y de las conversaciones que tuvo incluso con el rey Mohamed para que no les pusieran tan cerca una central. Hoy en su lugar hay una desaladora. Le preguntaron por Venezuela y su gobierno y casi al final, el anfitri\u00f3n de los desayunos ley\u00f3 una cuesti\u00f3n en la que le preguntaba por el trabajo de Izaskun Bilbao, la parlamentaria del PNV que recoge las inquietudes de CC. Dijo que estaban satisfechos y agradecidos y que en breve viajar\u00eda a Barcelona a estar con Artur Mas para saber si pueden ir a las elecciones conjuntamente con CIU, como si lo van a hacer con el PNV, teniendo una reuni\u00f3n pendiente con Andoni Ortuzar el pr\u00f3ximo once de diciembre.<\/p>\n<p>Estuvo bien que alabara el trabajo de la europarlamentaria jelkide. No s\u00e9 con qu\u00e9 intenci\u00f3n se hizo la pregunta, pero si esperaba que saliera por peteneras se equivoc\u00f3. Alab\u00f3 la coalici\u00f3n y el trabajo realizado.<\/p>\n<p>Para las diez y diez termin\u00f3 el desayuno. Fui a saludarle a \u00e9l y a Rubalcaba. Estuvieron muy afectuosos. Le agradec\u00ed la menci\u00f3n, en el centro de Madrid y ante un p\u00fablico tan variopinto de embajadores, empresarios, pol\u00edticos y periodistas.<\/p>\n<p>&nbsp;<\/p>\n<!-- AddThis Advanced Settings generic via filter on the_content --><!-- AddThis Share Buttons generic via filter on the_content -->","protected":false},"excerpt":{"rendered":"<p>Martes 26 de noviembre de 2013 Llego a Madrid en el \u00faltimo avi\u00f3n del domingo. Me encuentro con una pareja parlamentaria y personal que viene de Canarias. Ella es senadora de CIU, el diputado del PP canario. Son buenos amigos. Llego al hotel y veo un magn\u00edfico reportaje sobre Kennedy. No la mil veces imagen &hellip; <a href=\"https:\/\/blogs.deia.eus\/anasagasti\/2013\/11\/26\/desayuno-con-paulino-y-alusion-a-izaskun-bilbao\/\" class=\"more-link\">Sigue leyendo <span class=\"screen-reader-text\">Desayuno con Paulino y alusi\u00f3n a Izaskun Bilbao<\/span><\/a><!-- AddThis Advanced Settings generic via filter on get_the_excerpt --><!-- AddThis Share Buttons generic via filter on get_the_excerpt --><\/p>\n","protected":false},"author":19,"featured_media":0,"comment_status":"open","ping_status":"open","sticky":false,"template":"","format":"standard","meta":{"footnotes":""},"categories":[1],"tags":[],"class_list":["post-4652","post","type-post","status-publish","format-standard","hentry","category-general"],"_links":{"self":[{"href":"https:\/\/blogs.deia.eus\/anasagasti\/wp-json\/wp\/v2\/posts\/4652","targetHints":{"allow":["GET"]}}],"collection":[{"href":"https:\/\/blogs.deia.eus\/anasagasti\/wp-json\/wp\/v2\/posts"}],"about":[{"href":"https:\/\/blogs.deia.eus\/anasagasti\/wp-json\/wp\/v2\/types\/post"}],"author":[{"embeddable":true,"href":"https:\/\/blogs.deia.eus\/anasagasti\/wp-json\/wp\/v2\/users\/19"}],"replies":[{"embeddable":true,"href":"https:\/\/blogs.deia.eus\/anasagasti\/wp-json\/wp\/v2\/comments?post=4652"}],"version-history":[{"count":2,"href":"https:\/\/blogs.deia.eus\/anasagasti\/wp-json\/wp\/v2\/posts\/4652\/revisions"}],"predecessor-version":[{"id":4654,"href":"https:\/\/blogs.deia.eus\/anasagasti\/wp-json\/wp\/v2\/posts\/4652\/revisions\/4654"}],"wp:attachment":[{"href":"https:\/\/blogs.deia.eus\/anasagasti\/wp-json\/wp\/v2\/media?parent=4652"}],"wp:term":[{"taxonomy":"category","embeddable":true,"href":"https:\/\/blogs.deia.eus\/anasagasti\/wp-json\/wp\/v2\/categories?post=4652"},{"taxonomy":"post_tag","embeddable":true,"href":"https:\/\/blogs.deia.eus\/anasagasti\/wp-json\/wp\/v2\/tags?post=4652"}],"curies":[{"name":"wp","href":"https:\/\/api.w.org\/{rel}","templated":true}]}}