{"id":4655,"date":"2013-11-27T21:59:24","date_gmt":"2013-11-27T19:59:24","guid":{"rendered":"http:\/\/blogs.deia.com\/anasagasti\/?p=4655"},"modified":"2013-11-27T21:59:24","modified_gmt":"2013-11-27T19:59:24","slug":"beti-todo-un-caballero","status":"publish","type":"post","link":"https:\/\/blogs.deia.eus\/anasagasti\/2013\/11\/27\/beti-todo-un-caballero\/","title":{"rendered":"Beti, todo un caballero"},"content":{"rendered":"<p><b>Mi\u00e9rcoles 27 de noviembre de 2013<\/b><\/p>\n<p>El mi\u00e9rcoles dos noticias nos hablaban de dos pol\u00edticos\u00a0 trabajando en las ant\u00edpodas. El Senado italiano mandaba a su casa a Silvio Berlusconi por delincuente, y corruptor de menores. Un sinverg\u00fcenza de los de dar no solo asco sino repel\u00fas. Ojal\u00e1 a este tipejo no le hubieran permitido nunca dedicarse a la pol\u00edtica, mientras todos nos pregunt\u00e1bamos como era posible que en la culta Italia se votara\u00a0 a un\u00a0 ganster como este viviendo adem\u00e1s al lado del Vaticano. Me imagino que el Papa Francisco habr\u00e1 respirado con satisfacci\u00f3n.\u00a0<\/p>\n<p>Frente a politicastros de este jaez, era asimismo noticia este mi\u00e9rcoles el fallecimiento de Beti Du\u00f1abeitia, el bilbaino perfecto. Alcalde de Bilbao, presidente del Athletic, cofrade de la Virgen de Bego\u00f1a. Un tipo sensacional con una capacidad para las relaciones p\u00fablicas increible. Era adem\u00e1s la amabilidad, y la elegancia, personificada y para no encontrar dos iguales. Besaba la mano de las se\u00f1oras como nadie, ten\u00eda una sonrisa perfecta, era la atenci\u00f3n personificada, y adem\u00e1s era una magn\u00edfica persona de los que reconcilian al ciudadano con sus pol\u00edticos. El perfecto alcalde de Bilbao. Para mi el mejor.\u00a0<\/p>\n<p>Tuve trato con \u00e9l y la \u00faltima vez que le vi fue en la calle donde\u00a0 hablamos de su vida. Me hab\u00edan dicho que estaba enfermo pero le vi bien y con su amabilidad a flor de piel. Y solo lament\u00e9 en su\u00a0 d\u00eda \u00a0que no hubiera estado m\u00e1s tiempo en puestos de responsabilidad.<\/p>\n<p>Berlusconi y Beti Du\u00f1abeitia. Forza Italia y el PNV. He ah\u00ed la diferencia.<\/p>\n<p><b>\u00a0<\/b><\/p>\n<!-- AddThis Advanced Settings generic via filter on the_content --><!-- AddThis Share Buttons generic via filter on the_content -->","protected":false},"excerpt":{"rendered":"<p>Mi\u00e9rcoles 27 de noviembre de 2013 El mi\u00e9rcoles dos noticias nos hablaban de dos pol\u00edticos\u00a0 trabajando en las ant\u00edpodas. El Senado italiano mandaba a su casa a Silvio Berlusconi por delincuente, y corruptor de menores. Un sinverg\u00fcenza de los de dar no solo asco sino repel\u00fas. Ojal\u00e1 a este tipejo no le hubieran permitido nunca &hellip; <a href=\"https:\/\/blogs.deia.eus\/anasagasti\/2013\/11\/27\/beti-todo-un-caballero\/\" class=\"more-link\">Sigue leyendo <span class=\"screen-reader-text\">Beti, todo un caballero<\/span><\/a><!-- AddThis Advanced Settings generic via filter on get_the_excerpt --><!-- AddThis Share Buttons generic via filter on get_the_excerpt --><\/p>\n","protected":false},"author":19,"featured_media":0,"comment_status":"open","ping_status":"open","sticky":false,"template":"","format":"standard","meta":{"footnotes":""},"categories":[1],"tags":[],"class_list":["post-4655","post","type-post","status-publish","format-standard","hentry","category-general"],"_links":{"self":[{"href":"https:\/\/blogs.deia.eus\/anasagasti\/wp-json\/wp\/v2\/posts\/4655","targetHints":{"allow":["GET"]}}],"collection":[{"href":"https:\/\/blogs.deia.eus\/anasagasti\/wp-json\/wp\/v2\/posts"}],"about":[{"href":"https:\/\/blogs.deia.eus\/anasagasti\/wp-json\/wp\/v2\/types\/post"}],"author":[{"embeddable":true,"href":"https:\/\/blogs.deia.eus\/anasagasti\/wp-json\/wp\/v2\/users\/19"}],"replies":[{"embeddable":true,"href":"https:\/\/blogs.deia.eus\/anasagasti\/wp-json\/wp\/v2\/comments?post=4655"}],"version-history":[{"count":2,"href":"https:\/\/blogs.deia.eus\/anasagasti\/wp-json\/wp\/v2\/posts\/4655\/revisions"}],"predecessor-version":[{"id":4657,"href":"https:\/\/blogs.deia.eus\/anasagasti\/wp-json\/wp\/v2\/posts\/4655\/revisions\/4657"}],"wp:attachment":[{"href":"https:\/\/blogs.deia.eus\/anasagasti\/wp-json\/wp\/v2\/media?parent=4655"}],"wp:term":[{"taxonomy":"category","embeddable":true,"href":"https:\/\/blogs.deia.eus\/anasagasti\/wp-json\/wp\/v2\/categories?post=4655"},{"taxonomy":"post_tag","embeddable":true,"href":"https:\/\/blogs.deia.eus\/anasagasti\/wp-json\/wp\/v2\/tags?post=4655"}],"curies":[{"name":"wp","href":"https:\/\/api.w.org\/{rel}","templated":true}]}}