{"id":4658,"date":"2013-11-28T22:10:33","date_gmt":"2013-11-28T20:10:33","guid":{"rendered":"http:\/\/blogs.deia.com\/anasagasti\/?p=4658"},"modified":"2013-11-28T22:10:33","modified_gmt":"2013-11-28T20:10:33","slug":"almuerzo-con-el-embajador-de-eslovaquia","status":"publish","type":"post","link":"https:\/\/blogs.deia.eus\/anasagasti\/2013\/11\/28\/almuerzo-con-el-embajador-de-eslovaquia\/","title":{"rendered":"Almuerzo con el embajador de Eslovaquia"},"content":{"rendered":"<p><b>Jueves 28 de noviembre de 2013<\/b><\/p>\n<p>No suele ser frecuente pero en esta oportunidad el embajador de Eslovaquia en Madrid, que deja su puesto el mes que viene. Nos invit\u00f3, a la mesa y portavoces de la Comisi\u00f3n Mixta Europea, a comer en el Restaurant La Ancha contiguo al congreso un men\u00fa previamente acordado y modesto.<\/p>\n<p>J\u00e1n Skoda ha estado cuatro a\u00f1os en Madrid. Conoc\u00eda Espa\u00f1a de su \u00e9poca de estudiante. Logr\u00f3 viajar con una mochila y solo 200 d\u00f3lares que era lo que el r\u00e9gimen\u00a0 comunista de su pa\u00eds le dejaba tener en 1987. Habla un castellano perfecto y ser\u00e1 nombrado Director de la escuela Diplom\u00e1tica en su pa\u00eds. Dentro de poco su peque\u00f1a rep\u00fablica presidir\u00e1 semestralmente la Uni\u00f3n Europea\u00a0 y necesitan entrenar a su personal. No quieren defraudar.<\/p>\n<p>Me pareci\u00f3 un tipo valiente y locuaz. Comer con representantes de todos los grupos y estar solo tiene su m\u00e9rito, aunque \u00e9l lo que busca es que Espa\u00f1a, adem\u00e1s de mirar a Iberoamerica, mire a centroeuropa. Espa\u00f1a tiene 60 empresas en su pa\u00eds frente a Francia que tiene 500 y con un dato a\u00f1adido. Tras el ingl\u00e9s, el segundo idioma que se aprende es el castellano. Ni el franc\u00e9s, ni el alem\u00e1n.\u00a0<\/p>\n<p>\u00a0Habl\u00f3 de empresas, de agricultura, de su crecimiento cercano al 2,2% y de pol\u00edticas similares a las espa\u00f1olas, a las obras pendientes, a la necesidad que se vaya a Eslovaquia y al inter\u00e9s de Eslovaquia por Espa\u00f1a.<\/p>\n<p>Curiosamente y previa a la comida, puso en pie su visi\u00f3n de lo que est\u00e1 ocurriendo con Catalunya: \u00abNo tiene nada que ver lo que ocurre en Espa\u00f1a con lo que pas\u00f3 entre Chequia y Eslovaquia. Nada que ver\u00bb. Es curioso que fen\u00f3menos de secesi\u00f3n, y como este incruento, nunca tienen nada que ver con lo que ocurre en la piel de toro. Ni Irlanda, ni las Rep\u00fablicas B\u00e1lticas, ni Eslovenia, ni Croacia, ni&#8230;Nunca. Y lo peor es que peque\u00f1as rep\u00fablicas de tama\u00f1o similar a Euzkadi y Catalunya, una vez lograda su independencia\u00a0 solo quieren someterse a las reglas de juego de estados que durante a\u00f1os a ellos les han sojuzgado. Es m\u00e1s. Dijo que ten\u00edan una minor\u00eda h\u00fangara de unas 450.000 personas a las que respetan en su idioma \u00abpero jam\u00e1s aceptaremos\u00a0 una autonom\u00eda h\u00fangara en Eslovaquia\u00bb.<\/p>\n<p>El ABC, la semana pasada tuvo una campa\u00f1a en contra de aquella secesi\u00f3n incruenta. Dijo que era mejor una Checoslovaquia unida que dos rep\u00fablicas como son en la actualidad. No analizaba\u00a0 que hoy, la parte pobre como era Eslovaquia casi supera a Chequia y gracias a esa independencia.<\/p>\n<p>Como escrib\u00ed el domingo, estoy cada vez m\u00e1s convencido que de fuera no llegar\u00e1 nunca el menor apoyo y que todo lo que haya que hacer lo tenemos que hacer los vascos, los catalanes y los gallegos solos.<\/p>\n<p>&nbsp;<\/p>\n<!-- AddThis Advanced Settings generic via filter on the_content --><!-- AddThis Share Buttons generic via filter on the_content -->","protected":false},"excerpt":{"rendered":"<p>Jueves 28 de noviembre de 2013 No suele ser frecuente pero en esta oportunidad el embajador de Eslovaquia en Madrid, que deja su puesto el mes que viene. Nos invit\u00f3, a la mesa y portavoces de la Comisi\u00f3n Mixta Europea, a comer en el Restaurant La Ancha contiguo al congreso un men\u00fa previamente acordado y &hellip; <a href=\"https:\/\/blogs.deia.eus\/anasagasti\/2013\/11\/28\/almuerzo-con-el-embajador-de-eslovaquia\/\" class=\"more-link\">Sigue leyendo <span class=\"screen-reader-text\">Almuerzo con el embajador de Eslovaquia<\/span><\/a><!-- AddThis Advanced Settings generic via filter on get_the_excerpt --><!-- AddThis Share Buttons generic via filter on get_the_excerpt --><\/p>\n","protected":false},"author":19,"featured_media":0,"comment_status":"open","ping_status":"open","sticky":false,"template":"","format":"standard","meta":{"footnotes":""},"categories":[1],"tags":[],"class_list":["post-4658","post","type-post","status-publish","format-standard","hentry","category-general"],"_links":{"self":[{"href":"https:\/\/blogs.deia.eus\/anasagasti\/wp-json\/wp\/v2\/posts\/4658","targetHints":{"allow":["GET"]}}],"collection":[{"href":"https:\/\/blogs.deia.eus\/anasagasti\/wp-json\/wp\/v2\/posts"}],"about":[{"href":"https:\/\/blogs.deia.eus\/anasagasti\/wp-json\/wp\/v2\/types\/post"}],"author":[{"embeddable":true,"href":"https:\/\/blogs.deia.eus\/anasagasti\/wp-json\/wp\/v2\/users\/19"}],"replies":[{"embeddable":true,"href":"https:\/\/blogs.deia.eus\/anasagasti\/wp-json\/wp\/v2\/comments?post=4658"}],"version-history":[{"count":2,"href":"https:\/\/blogs.deia.eus\/anasagasti\/wp-json\/wp\/v2\/posts\/4658\/revisions"}],"predecessor-version":[{"id":4660,"href":"https:\/\/blogs.deia.eus\/anasagasti\/wp-json\/wp\/v2\/posts\/4658\/revisions\/4660"}],"wp:attachment":[{"href":"https:\/\/blogs.deia.eus\/anasagasti\/wp-json\/wp\/v2\/media?parent=4658"}],"wp:term":[{"taxonomy":"category","embeddable":true,"href":"https:\/\/blogs.deia.eus\/anasagasti\/wp-json\/wp\/v2\/categories?post=4658"},{"taxonomy":"post_tag","embeddable":true,"href":"https:\/\/blogs.deia.eus\/anasagasti\/wp-json\/wp\/v2\/tags?post=4658"}],"curies":[{"name":"wp","href":"https:\/\/api.w.org\/{rel}","templated":true}]}}