{"id":4661,"date":"2013-12-01T21:20:40","date_gmt":"2013-12-01T19:20:40","guid":{"rendered":"http:\/\/blogs.deia.com\/anasagasti\/?p=4661"},"modified":"2013-12-01T21:20:40","modified_gmt":"2013-12-01T19:20:40","slug":"reinaldo-leandro-mora-y-la-txalupa","status":"publish","type":"post","link":"https:\/\/blogs.deia.eus\/anasagasti\/2013\/12\/01\/reinaldo-leandro-mora-y-la-txalupa\/","title":{"rendered":"Reinaldo Leandro Mora y la Txalupa"},"content":{"rendered":"<p><b>Domingo 2 de diciembre de 2013<\/b><\/p>\n<p>El 22 de noviembre de 1963, un afamado escritor, notablemente alterado le par\u00f3 en la calle a Pantale\u00f3n, una especie de vagabundo fil\u00f3sofo del Puerto Viejo de Algorta para decirle que acababan de asesinar al presidente de los Estados Unidos. \u201c\u00bfKennedy, Kennedy?\u201d, mascull\u00f3 Pantal\u00e9on. \u201cQue se fastidie. \u00bfQu\u00e9 ha hecho ese por Algorta?\u201d.<\/p>\n<p>Seguramente si a Pantale\u00f3n le hubieran dicho que el pasado 4 de noviembre hab\u00eda fallecido Reinaldo Leandro Mora en Caracas, no hubiera contestado as\u00ed. En Caracas hab\u00eda much\u00edsimos algorte\u00f1os y casi todos sab\u00edan que Leandro Mora era un dirigente adeco, que hab\u00eda ayudado a los vascos nacionalistas a montar y mantener durante trece a\u00f1os una emisora clandestina que transmit\u00eda en onda corta programas de media hora diariamente. Y aquel tinglado no se pudo haber montado sin que las autoridades oficiales, adecos (socialdemocr\u00e1tas) y copeyanos (socialcristianos), no miraran para otro lado, ya que oficialmente manten\u00edan relaciones diplom\u00e1ticas con el r\u00e9gimen espa\u00f1ol basadas en la frialdad de la diplomacia.<\/p>\n<p>Un hombre clave en la relaci\u00f3n con Reinaldo Leandro Mora fue el getxotarra (Las Arenas) l\u00f1aki Zubizarreta que hab\u00eda llegado exiliado con sus padres a Venezuela en julio de 1939. Hab\u00eda estudiado arquitectura en la Universidad de Carolina del Norte donde conoci\u00f3 a un resistente adeco a la dictadura de P\u00e9rez Jim\u00e9nez. Ca\u00edda la dictadura el amigo adeco le llev\u00f3 al Ministerio de Educaci\u00f3n para estudiar los d\u00e9ficits de edificaciones educacionales del pa\u00eds. All\u00ed conoci\u00f3 a Reinaldo Leandro Mora que era el Director de aquel departamento y que le dio toda su confianza. Valorando muy positivamente la labor de aquella peque\u00f1a oficina por lo que poco a poco fue creciendo y adem\u00e1s se fue llenando de vascos. Jon Leizaola, Lu\u00eds La Heras, I\u00f1aki Garabieta, I\u00f1aki Aretxabaleta el propio I\u00f1aki Zubizarreta (\u00bfes que los vascos se llaman todos I\u00f1akis? les dec\u00edan) de tal forma que fue creciendo la amistad de Zubizarreta con Reinaldo Leandro Mora basada en el trabajo bien hecho, en la creatividad y en la responsabilidad.<\/p>\n<p>El paso por el ministerio constituy\u00f3 para Zubizarreta una \u00e9poca de grandes y satisfactorias experiencias no siendo la menor las conversaciones con el ministro sobre el nacionalismo vasco, los republicanos, la guerra y el franquismo. Al ministro le interesaba mucho este asunto e I\u00f1aki Zubizarreta obtuvo su apoyo en todo aquello que se refiriera a la resistencia vasca, el PNV y EGI, en las actividades de los misioneros vascos en la Zona del Tuy, del Valle y de la Rinconada en Caracas, incluso la Escuela Polit\u00e9cnica de Mondrag\u00f3n del Grupo Cooperativo, que aportaba la ense\u00f1anza gratuitamente, sufragando los gastos de viaje el ministerio de Educaci\u00f3n dirigido por Leandro Mora. Pero no solo eso. El libro de George Steer \u201cEl \u00e1rbol de Gernika\u00bb, fue traducido e impreso ayudado econ\u00f3micamente por el ministerio.<\/p>\n<p>En marzo de 1964 Ra\u00fal Leoni fue elegido presidente de la Rep\u00fablica y Leandro Mora fue nombrado embajador en el Vaticano donde estuvo muy a gusto hasta que el presidente le llam\u00f3 y le nombr\u00f3 Ministro del Interior. Eran los tiempos en los que el Grupo EGI de Caracas decidi\u00f3 montar una radio clandestina que transmitiera desde Venezuela en onda corta un programa diario de media hora. Y se ten\u00eda todo, menos los permisos. Aquello era una especie de aventura loca para un pa\u00eds que manten\u00eda relaciones diplom\u00e1ticas con Espa\u00f1a. Pero como dijo Oteiza: \u201cla aventura puede ser loca pero el aventurero, ha de ser cuerdo\u201d.<\/p>\n<p>Jos\u00e9 Joaqu\u00edn Azurza fue el alma t\u00e9cnica. Escapado de Donosti tras interrumpir varias veces las emisiones de Radio San Sebasti\u00e1n era un cualificado ingeniero el\u00e9ctrico que trabajaba en la compa\u00f1\u00eda petrolera Shell que refinaba sus productos en las islas del Caribe, y que internamente se comunicaban con transmisores propios. Cuando Azurza supo que la Shell renovaba su equipo y que cambiaban los transmisores se hizo con dos de ellos que bautiz\u00f3 con los nombres de Pedro y Pablo. Le ayudaron Jon Mikel Olabarrieta, Kepa Lekue y posteriomente Jon G\u00f3mez. Se ten\u00eda los transmisores pero hac\u00eda falta un lugar para instalarlos y clavar una antena. El lugar se logr\u00f3 en el municipio de Santa Luc\u00eda, a unos sesenta kil\u00f3metros de Caracas, pero hac\u00eda falta alguien que viviera all\u00ed, d\u00eda y noche. Y el milagro se produjo. Ixaka Atutxa hab\u00eda sido gudari del Jagi Jagi en la guerra as\u00ed como miembro de la Brigada Vasca que combati\u00f3 contra los alemanes. Amante de la juerga se hab\u00eda gastado en parrandas varias, la loter\u00eda que le hab\u00eda tocado y hasta la carnicer\u00eda en la que trabajaba. Era de Galdakano y Jokin Inza, el jefe de EGI, lo encontr\u00f3 en una mala situaci\u00f3n cuando le ofreci\u00f3 la aventura de su vida. Vivir en una caseta, sin agua corriente y teniendo a su cargo la transmisi\u00f3n diaria de Radio Euzkadi.<\/p>\n<p>Ixaka le dijo inmediatamente que s\u00ed. Se sent\u00eda el guardi\u00e1n del Santo Sepulcro. Y nunca tuvo vacaciones. Los fines de semana el grupo EGI le llevaba cerveza y revistas, hac\u00edan una parrillada y le dejaban ganar al mus. Y aquel hombre encend\u00eda \u00absus cacharros\u00bb religiosamente mientras lanzaba imprecaciones de todo tipo contra Franco y su r\u00e9gimen. Todo un personaje.<\/p>\n<p>Para transmitir hab\u00eda que escribir guiones y dirigir las programaciones. El hombre clave de la propaganda fue Alberto El\u00f3segui (Paul de Garat). Hab\u00eda trabajado con Garc\u00eda M\u00e1rquez y Plinio Apuleyo Mendoza en la revista Momento y aunque abogado era un divulgador excepcional. M\u00e9rito suyo fue la revista Gudari, las pel\u00edculas que se hicieron, los calendarios, y los libros con una entrega total junto a Xabier Leizaola, quien con el tiempo fue el presidente del Consejo de Deia, un hombre bueno, carism\u00e1tico, escritor, entra\u00f1able y que ten\u00eda el cargo de hacer de bombero cuando se produc\u00eda un conflicto en aquella organizaci\u00f3n de la que no ten\u00eda que saber nadie. Y para eso se le puso el nombre de La Txalupa a Radio Euzkadi y el lugar de emisi\u00f3n Macuto.<\/p>\n<p>Y hac\u00edan falta locutores. Entre semana los curas de Coche (Aita Patxi, Antonio Mendiluce, Aita Boni, Mitxelena), Julene Urcelay (la hist\u00f3rica mitinera), Maite Leizaola (promotora de la ikastola en el Centro Vasco) y los fines de semana, I\u00f1aki Aretxabaleta, Pello Irujo, Ricardo L\u00edbano, quienes con unas voces extraordinarias lo hac\u00edan muy a gusto.\u00a0 Llevaba las cuentas F\u00e9lix Aranguren que trabajaba en la constructora del algorte\u00f1o Juli\u00e1n Atxurra, un hombre generoso que no solo prestaba una de sus oficinas en el edificio Pacairig\u00fca para tener all\u00ed los estudios sino que todos los d\u00edas, su ayudante Pedro Brice\u00f1o, un andino listo, llevaba el talo (la cinta) a Santa Luc\u00eda, todos los d\u00edas. \u201cPedro te tienes que casar\u201d le dec\u00edamos pues viv\u00eda con una se\u00f1ora con la que hab\u00eda tenido muchos hijos. \u201cNo mijito. Vivimos muy bien, nos queremos y tenemos unos hijos estupendos, pero si me caso me va a querer mandar y de eso nada\u201d. No lo logramos.<\/p>\n<p>Ten\u00edamos como jefe del Grupo, a Jokin Inza, el t\u00e9cnico era Azurza y sus muchachos, el que cuidaba la barraca Ixaka Atutxa, los locutores en franc\u00e9s e ingl\u00e9s, Paul Aguirre y Guillermo Ramos, los locutores en euskera y en castellano, el que llevaba el talo y solo faltaba el permiso y de eso se ocup\u00f3 I\u00f1aki Zubizarreta. No era f\u00e1cil. El ministro le dijo muy a su pesar que Venezuela manten\u00eda relaciones diplom\u00e1ticas con Franco y montar una emisora clandestina para enviar consignas contra el r\u00e9gimen y a pesar de las interferencias que le pod\u00edan poner era un acto inamistoso. Pero I\u00f1aki insisti\u00f3 y el ministro le pidi\u00f3 el nombre que quien estaba detr\u00e1s de esta operaci\u00f3n. \u201cEst\u00e1 el Gobierno Vasco en el exilio, el PNV y EGI\u201d. \u201cMucha gente\u201d. Yo quiero alguien con nombre y apellido para cuando haya un conflicto llamarle. E I\u00f1aki Zubizarreta a efectos oficiales fue el responsable de aquella aventura que no qued\u00f3 solo en el compromiso del ministro de tolerarlo sino que I\u00f1aki adem\u00e1s le pidi\u00f3 dinero para la operaci\u00f3n. El ministro le pregunt\u00f3 si estaba loco pero I\u00f1aki sali\u00f3 de aquella reuni\u00f3n con el permiso y con apoyo econ\u00f3mico para la resistente radio Euzkadi que dur\u00f3 hasta mayo de 1977. Trece a\u00f1os.<\/p>\n<p>Reinaldo Leandro Mora acaba de fallecer. La actual Radio Euzkadi ha cumplido treinta a\u00f1os pero de la \u00e9poca post franquista. Pero Radio Euzkadi naci\u00f3 en 1936, resucit\u00f3 en Bayona, se hizo internacional en Caracas y ahora cumple treinta a\u00f1os de esta cuarta \u00e9poca. Porque a diferencia de Kennedy por Algorta que nunca hizo nada por ella, ha habido muchos Reinaldos Leandros Mora que han hecho mucho por este pa\u00eds aunque no se les conozca.<\/p>\n<!-- AddThis Advanced Settings generic via filter on the_content --><!-- AddThis Share Buttons generic via filter on the_content -->","protected":false},"excerpt":{"rendered":"<p>Domingo 2 de diciembre de 2013 El 22 de noviembre de 1963, un afamado escritor, notablemente alterado le par\u00f3 en la calle a Pantale\u00f3n, una especie de vagabundo fil\u00f3sofo del Puerto Viejo de Algorta para decirle que acababan de asesinar al presidente de los Estados Unidos. \u201c\u00bfKennedy, Kennedy?\u201d, mascull\u00f3 Pantal\u00e9on. \u201cQue se fastidie. \u00bfQu\u00e9 ha &hellip; <a href=\"https:\/\/blogs.deia.eus\/anasagasti\/2013\/12\/01\/reinaldo-leandro-mora-y-la-txalupa\/\" class=\"more-link\">Sigue leyendo <span class=\"screen-reader-text\">Reinaldo Leandro Mora y la Txalupa<\/span><\/a><!-- AddThis Advanced Settings generic via filter on get_the_excerpt --><!-- AddThis Share Buttons generic via filter on get_the_excerpt --><\/p>\n","protected":false},"author":19,"featured_media":0,"comment_status":"open","ping_status":"open","sticky":false,"template":"","format":"standard","meta":{"footnotes":""},"categories":[1],"tags":[],"class_list":["post-4661","post","type-post","status-publish","format-standard","hentry","category-general"],"_links":{"self":[{"href":"https:\/\/blogs.deia.eus\/anasagasti\/wp-json\/wp\/v2\/posts\/4661","targetHints":{"allow":["GET"]}}],"collection":[{"href":"https:\/\/blogs.deia.eus\/anasagasti\/wp-json\/wp\/v2\/posts"}],"about":[{"href":"https:\/\/blogs.deia.eus\/anasagasti\/wp-json\/wp\/v2\/types\/post"}],"author":[{"embeddable":true,"href":"https:\/\/blogs.deia.eus\/anasagasti\/wp-json\/wp\/v2\/users\/19"}],"replies":[{"embeddable":true,"href":"https:\/\/blogs.deia.eus\/anasagasti\/wp-json\/wp\/v2\/comments?post=4661"}],"version-history":[{"count":2,"href":"https:\/\/blogs.deia.eus\/anasagasti\/wp-json\/wp\/v2\/posts\/4661\/revisions"}],"predecessor-version":[{"id":4663,"href":"https:\/\/blogs.deia.eus\/anasagasti\/wp-json\/wp\/v2\/posts\/4661\/revisions\/4663"}],"wp:attachment":[{"href":"https:\/\/blogs.deia.eus\/anasagasti\/wp-json\/wp\/v2\/media?parent=4661"}],"wp:term":[{"taxonomy":"category","embeddable":true,"href":"https:\/\/blogs.deia.eus\/anasagasti\/wp-json\/wp\/v2\/categories?post=4661"},{"taxonomy":"post_tag","embeddable":true,"href":"https:\/\/blogs.deia.eus\/anasagasti\/wp-json\/wp\/v2\/tags?post=4661"}],"curies":[{"name":"wp","href":"https:\/\/api.w.org\/{rel}","templated":true}]}}