{"id":4672,"date":"2013-12-07T22:45:16","date_gmt":"2013-12-07T20:45:16","guid":{"rendered":"http:\/\/blogs.deia.com\/anasagasti\/?p=4672"},"modified":"2013-12-07T22:45:16","modified_gmt":"2013-12-07T20:45:16","slug":"en-la-feria-de-durango","status":"publish","type":"post","link":"https:\/\/blogs.deia.eus\/anasagasti\/2013\/12\/07\/en-la-feria-de-durango\/","title":{"rendered":"En la Feria de Durango"},"content":{"rendered":"<p><b>S\u00e1bado 7 de diciembre de 2013<\/b><b>\u00a0<\/b><\/p>\n<p>Como todos los a\u00f1os y \u00e9ste sin lluvia, he estado en la Feria de Durango, con Mar\u00eda Esther y Naiara.\u00a0 Una buena elecci\u00f3n para un s\u00e1bado de puente.<\/p>\n<p>Nada m\u00e1s entrar una cola.\u00a0 Toti Mart\u00ednez de Lecea firmaba sus libros.\u00a0 Como hemos ido pronto se pod\u00eda ver con comodidad los stands que explotan en ediciones, aunque como me ha dicho Esparza de Txalaparta, algunas editoriales o no han ido o han desaparecido.<\/p>\n<p>Le he visto a la diputada de cultura Josune Aristondo.\u00a0 Acompa\u00f1aba a la soci\u00f3loga argentina Magdalena Mignaburu, especialista en el estudio de la di\u00e1spora vasca en su pa\u00eds.\u00a0 Acaba de presentar su libro \u201cPatria Vasca en Argentina: un siglo de nacionalismo vasco\u201d.\u00a0 Le he comentado como hicimos con el sin par Andoni Astigarraga un libro sobre los \u201cNacionalistas en Argentina\u201d hace veinte a\u00f1os.\u00a0<\/p>\n<p>Le hemos visto tambi\u00e9n a Laura Mintegi que entraba en el recinto, al historiador I\u00f1aki Ega\u00f1a y varios m\u00e1s.\u00a0 En la vuelta nos han obsequiado con un CD de Korrontzi y la cr\u00eda ha comprado un CD de Kaotiko.\u00a0 En eso un se\u00f1or me entrega una colecci\u00f3n de poes\u00edas \u201cPoemas desde el Sentimiento\u201d.\u00a0 Compramos tres libros, dos en euskera, y vi expuestos y en venta dos libros m\u00edos \u201cUna Monarqu\u00eda protegida por la censura\u201d y \u201cLl\u00e1mame Telesforo\u201d.\u00a0 Siempre hace ilusi\u00f3n ver algo hecho por ti en ese mundo de libros y CD.\u00a0 Y tras esta interesante vuelta, al Batzoki a por caldo y tortilla.<\/p>\n<p>Y el viernes, en la caseta de la SER en el Arenal.\u00a0 Fui con I\u00f1igo Landa y particip\u00e9 en algo tan original y curioso como asistir a la presentaci\u00f3n del vaso del Txikitero que Vicrila ha puesto en marcha para que en todos los bares se sirva en ese vaso gordo t\u00edpico cuyo uso estaba desapareciendo y junto a \u00e9l, a la intervenci\u00f3n de tres txikiteros de Rekalde que no cantan bilbainadas sino todo tipo de canciones buscando que no se extinga esa buena costumbre de cantar en los bares. Marta y Joseba explicaron por las ondas su campa\u00f1a de vaso y la gente sigui\u00f3 con inter\u00e9s esa singular y necesaria apuesta.<\/p>\n<p>&nbsp;<\/p>\n<!-- AddThis Advanced Settings generic via filter on the_content --><!-- AddThis Share Buttons generic via filter on the_content -->","protected":false},"excerpt":{"rendered":"<p>S\u00e1bado 7 de diciembre de 2013\u00a0 Como todos los a\u00f1os y \u00e9ste sin lluvia, he estado en la Feria de Durango, con Mar\u00eda Esther y Naiara.\u00a0 Una buena elecci\u00f3n para un s\u00e1bado de puente. Nada m\u00e1s entrar una cola.\u00a0 Toti Mart\u00ednez de Lecea firmaba sus libros.\u00a0 Como hemos ido pronto se pod\u00eda ver con comodidad &hellip; <a href=\"https:\/\/blogs.deia.eus\/anasagasti\/2013\/12\/07\/en-la-feria-de-durango\/\" class=\"more-link\">Sigue leyendo <span class=\"screen-reader-text\">En la Feria de Durango<\/span><\/a><!-- AddThis Advanced Settings generic via filter on get_the_excerpt --><!-- AddThis Share Buttons generic via filter on get_the_excerpt --><\/p>\n","protected":false},"author":19,"featured_media":0,"comment_status":"open","ping_status":"open","sticky":false,"template":"","format":"standard","meta":{"footnotes":""},"categories":[1],"tags":[],"class_list":["post-4672","post","type-post","status-publish","format-standard","hentry","category-general"],"_links":{"self":[{"href":"https:\/\/blogs.deia.eus\/anasagasti\/wp-json\/wp\/v2\/posts\/4672","targetHints":{"allow":["GET"]}}],"collection":[{"href":"https:\/\/blogs.deia.eus\/anasagasti\/wp-json\/wp\/v2\/posts"}],"about":[{"href":"https:\/\/blogs.deia.eus\/anasagasti\/wp-json\/wp\/v2\/types\/post"}],"author":[{"embeddable":true,"href":"https:\/\/blogs.deia.eus\/anasagasti\/wp-json\/wp\/v2\/users\/19"}],"replies":[{"embeddable":true,"href":"https:\/\/blogs.deia.eus\/anasagasti\/wp-json\/wp\/v2\/comments?post=4672"}],"version-history":[{"count":3,"href":"https:\/\/blogs.deia.eus\/anasagasti\/wp-json\/wp\/v2\/posts\/4672\/revisions"}],"predecessor-version":[{"id":4675,"href":"https:\/\/blogs.deia.eus\/anasagasti\/wp-json\/wp\/v2\/posts\/4672\/revisions\/4675"}],"wp:attachment":[{"href":"https:\/\/blogs.deia.eus\/anasagasti\/wp-json\/wp\/v2\/media?parent=4672"}],"wp:term":[{"taxonomy":"category","embeddable":true,"href":"https:\/\/blogs.deia.eus\/anasagasti\/wp-json\/wp\/v2\/categories?post=4672"},{"taxonomy":"post_tag","embeddable":true,"href":"https:\/\/blogs.deia.eus\/anasagasti\/wp-json\/wp\/v2\/tags?post=4672"}],"curies":[{"name":"wp","href":"https:\/\/api.w.org\/{rel}","templated":true}]}}