{"id":4679,"date":"2013-12-09T22:30:50","date_gmt":"2013-12-09T20:30:50","guid":{"rendered":"http:\/\/blogs.deia.com\/anasagasti\/?p=4679"},"modified":"2013-12-09T22:30:50","modified_gmt":"2013-12-09T20:30:50","slug":"que-pinta-un-borbon-en-el-funeral-de-mandela","status":"publish","type":"post","link":"https:\/\/blogs.deia.eus\/anasagasti\/2013\/12\/09\/que-pinta-un-borbon-en-el-funeral-de-mandela\/","title":{"rendered":"\u00bfQu\u00e9 pinta un Borb\u00f3n en el funeral de Mandela?"},"content":{"rendered":"<p><b>Martes 10 de diciembre de 2013<\/b><\/p>\n<p>La conducta antidemocr\u00e1tica de la clase pol\u00edtica espa\u00f1ola es de nota. Todas las televisiones est\u00e1n diciendo que el presidente del gobierno espa\u00f1ol Mariano Rajoy \u00abacompa\u00f1ar\u00e1 al pr\u00edncipe Felipe de Borb\u00f3n al acto religioso que ma\u00f1ana martes se realizar\u00e1 en Johannesburgo\u00bb. No le dan importancia a las palabras. Un presidente del gobierno elegido democr\u00e1ticamente jam\u00e1s puede acompa\u00f1ar al hijo de un se\u00f1or puesto en la jefatura del estado por un dictador. Y curiosamente como hijo no tiene el menor papel en la Constituci\u00f3n. Ninguno. \u00bfA qu\u00e9 viene pues toda esta entrega tan poco representativa de lo que fue Mandela?. Recordemos que la dictadura de Franco reconoci\u00f3 y trabaj\u00f3 con el r\u00e9gimen racista del apartheid del que el llamado Pr\u00edncipe de Espa\u00f1a era uno de sus ep\u00edgonos. \u00bfPero qu\u00e9 verg\u00fcenza es \u00e9sta?.<\/p>\n<p>En el caso de Rajoy, estoy seguro que pensar\u00e1 lo mismo que el primero ministro de Chequia. Ya dijo en su d\u00eda que era un co\u00f1azo asistir al desfile del 12 de octubre y a este funeral seguramente no ir\u00eda si el presidente de los Estados Unidos y tres ex presidentes, con Cameron, Nicola Leta, Hollande no\u00a0\u00a0 fueran. Va porque no le queda m\u00e1s remedio porque jam\u00e1s hizo nunca nada contra el r\u00e9gimen de los blancos racistas de Sud\u00e1frica. Hay que recordar que ya estuvo en el funeral de Hafez al Assad, un asesino que malgobern\u00f3 Siria y que dej\u00f3 a su hijo de s\u00e1trapa.<\/p>\n<p>Parece que el gobierno sudafricano le ha dicho al espa\u00f1ol que en el citado viaje no lleven muchos acompa\u00f1antes. Les conocen. Se gastan lo que no est\u00e1 escrito en estos viajes a cuenta de todos los contribuyentes en los asistentes que un se\u00f1or no elegido utiliza para hacerse m\u00e1s importante.<\/p>\n<p>\u00a1Pobre Mandela!. Tener que ser homenajeado por unos se\u00f1ores que nada hicieron cuando estuvo en la c\u00e1rcel y que van ahora a su funeral por el que dir\u00e1n y para trabajarse una imagen de sensibilidad que jam\u00e1s tuvieron cuando estaba vivo y encarcelado.<\/p>\n<p>Y las juventudes socialistas calladas.<\/p>\n<p>&nbsp;<\/p>\n<!-- AddThis Advanced Settings generic via filter on the_content --><!-- AddThis Share Buttons generic via filter on the_content -->","protected":false},"excerpt":{"rendered":"<p>Martes 10 de diciembre de 2013 La conducta antidemocr\u00e1tica de la clase pol\u00edtica espa\u00f1ola es de nota. Todas las televisiones est\u00e1n diciendo que el presidente del gobierno espa\u00f1ol Mariano Rajoy \u00abacompa\u00f1ar\u00e1 al pr\u00edncipe Felipe de Borb\u00f3n al acto religioso que ma\u00f1ana martes se realizar\u00e1 en Johannesburgo\u00bb. No le dan importancia a las palabras. Un presidente &hellip; <a href=\"https:\/\/blogs.deia.eus\/anasagasti\/2013\/12\/09\/que-pinta-un-borbon-en-el-funeral-de-mandela\/\" class=\"more-link\">Sigue leyendo <span class=\"screen-reader-text\">\u00bfQu\u00e9 pinta un Borb\u00f3n en el funeral de Mandela?<\/span><\/a><!-- AddThis Advanced Settings generic via filter on get_the_excerpt --><!-- AddThis Share Buttons generic via filter on get_the_excerpt --><\/p>\n","protected":false},"author":19,"featured_media":0,"comment_status":"open","ping_status":"open","sticky":false,"template":"","format":"standard","meta":{"footnotes":""},"categories":[1],"tags":[],"class_list":["post-4679","post","type-post","status-publish","format-standard","hentry","category-general"],"_links":{"self":[{"href":"https:\/\/blogs.deia.eus\/anasagasti\/wp-json\/wp\/v2\/posts\/4679","targetHints":{"allow":["GET"]}}],"collection":[{"href":"https:\/\/blogs.deia.eus\/anasagasti\/wp-json\/wp\/v2\/posts"}],"about":[{"href":"https:\/\/blogs.deia.eus\/anasagasti\/wp-json\/wp\/v2\/types\/post"}],"author":[{"embeddable":true,"href":"https:\/\/blogs.deia.eus\/anasagasti\/wp-json\/wp\/v2\/users\/19"}],"replies":[{"embeddable":true,"href":"https:\/\/blogs.deia.eus\/anasagasti\/wp-json\/wp\/v2\/comments?post=4679"}],"version-history":[{"count":2,"href":"https:\/\/blogs.deia.eus\/anasagasti\/wp-json\/wp\/v2\/posts\/4679\/revisions"}],"predecessor-version":[{"id":4681,"href":"https:\/\/blogs.deia.eus\/anasagasti\/wp-json\/wp\/v2\/posts\/4679\/revisions\/4681"}],"wp:attachment":[{"href":"https:\/\/blogs.deia.eus\/anasagasti\/wp-json\/wp\/v2\/media?parent=4679"}],"wp:term":[{"taxonomy":"category","embeddable":true,"href":"https:\/\/blogs.deia.eus\/anasagasti\/wp-json\/wp\/v2\/categories?post=4679"},{"taxonomy":"post_tag","embeddable":true,"href":"https:\/\/blogs.deia.eus\/anasagasti\/wp-json\/wp\/v2\/tags?post=4679"}],"curies":[{"name":"wp","href":"https:\/\/api.w.org\/{rel}","templated":true}]}}