{"id":4682,"date":"2013-12-10T22:02:39","date_gmt":"2013-12-10T20:02:39","guid":{"rendered":"http:\/\/blogs.deia.com\/anasagasti\/?p=4682"},"modified":"2013-12-10T22:02:39","modified_gmt":"2013-12-10T20:02:39","slug":"inaugurada-la-escultura-interiores-iluminados-que-rememora-la-universidad-vasca-de-1936","status":"publish","type":"post","link":"https:\/\/blogs.deia.eus\/anasagasti\/2013\/12\/10\/inaugurada-la-escultura-interiores-iluminados-que-rememora-la-universidad-vasca-de-1936\/","title":{"rendered":"Inaugurada la Escultura  \u201cInteriores Iluminados\u201d, que rememora la Universidad Vasca de 1936."},"content":{"rendered":"<p>Martes 10 de diciembre de 2013<\/p>\n<p>La obra, creada por \u00c1ngel Garraza, ha sido instalada en el hall de la Biblioteca Central de la UPV\/EHU.<\/p>\n<p>El 2 de diciembre, la Universidad del Pa\u00eds Vasco\/Euskal Herriko Unibertsitatea inaugur\u00f3 en el hall de su Biblioteca Central (\u00c1rea Leioa-Erandio del Campus de Bizkaia) la escultura \u00abInteriores iluminados\u00bb, que rememora la Universidad Vasca de 1936, embri\u00f3n de la actual UPV\/EHU que empez\u00f3 a funcionar como tal en 1980. La obra ha sido creada por el escultor \u00c1ngel Garraza, profesor de la Facultad de Bellas Artes y artista de reconocida trayectoria internacional.<\/p>\n<p>El acto de inauguraci\u00f3n cont\u00f3, entre otros, con la participaci\u00f3n de I\u00f1aki Goirizelaia, rector de la UPV\/EHU, \u00c1ngel Garraza, autor de la escultura, Carmelo Garitaonandia, vicerrector del Campus de Bizkaia de la UPV\/EHU, y Mikel Aizpuru, director del Departamento de Historia Contempor\u00e1nea de la UPV\/EHU y comisario de la exposici\u00f3n \u00abHeredamos un sue\u00f1o &#8211; Universidad Vasca\/Euzko Irakastola Nagusia 1936\u00bb que se organiz\u00f3 en 2011, conmemorando su 75 aniversario.<\/p>\n<p>La escultura \u00abInteriores iluminados\u00bb est\u00e1 compuesta por dos elementos verticales de cinco metros de altura, de similares caracter\u00edsticas, pero diferenciados en cuanto a su color, tratamiento y alteraci\u00f3n de la superficie. Son dos piezas realizadas en gres (una, en negro carbonaci\u00f3n y, la otra, en blanco gres) que en su discurrir vertical describen el paso del tiempo, expresado por el tr\u00e1nsito de las cuatro estaciones (invierno, primavera, verano y oto\u00f1o). Ambos elementos culminan en su parte alta con dos vol\u00famenes iluminados, que representan sendos cerebros iluminados, \u00abque nos remiten a dos momentos, dos tiempos hist\u00f3ricos, en los que la luz evoca la labor fundamental de la universidad como faro luminoso del conocimiento\u00bb, ha explicado Garraza.<\/p>\n<p>Por su parte, el rector Goirizelaia se\u00f1al\u00f3 que \u00abesta escultura viene a significar un puente que une dos orillas. En una est\u00e1 la Universidad Vasca de 1936 y, en la otra, Universidad del Pa\u00eds Vasco\/Euskal Herriko Unibertsitatea. No somos dos universidades diferentes a las que separan 77 a\u00f1os de historia. Se trata de la prolongaci\u00f3n de un mismo proyecto universitario que, con este s\u00edmbolo, contribuimos a preservar\u00bb.<\/p>\n<p>La Universidad Vasca\/Euzko Irakastola Nagusia celebr\u00f3 su acto de apertura de curso el 1 de diciembre de 1936 en el Hospital Civil de Bilbao (Basurto). La Facultad de Medicina fue el \u00fanico centro que lleg\u00f3 a funcionar, ya que siete meses despu\u00e9s, en junio de 1937, sus aulas se vieron obligadas a cerrar sus puertas, trunc\u00e1ndose as\u00ed un sue\u00f1o. El Gobierno Vasco encabezado por el lehendakari Agirre proyect\u00f3 aquella universidad como una universidad p\u00fablica, enraizada en el Pa\u00eds Vasco y abierta a la comunidad internacional. Ahora, 77 a\u00f1os despu\u00e9s, la UPV\/EHU quiere restablecer el s\u00edmbolo de su pasado.<\/p>\n<p>\u00c1ngel Garraza (Allo, Navarra, 1950) es escultor y profesor de la Facultad de Bellas Artes de la UPV\/EHU. Ha expuesto en la mayor\u00eda de las ciudades espa\u00f1olas y en pa\u00edses Alemania, Francia, Finlandia, Italia, Portugal, Dinamarca, Holanda, Suiza, B\u00e9lgica, Tokio, Kioto, Se\u00fal y Taip\u00e9i. Su obra se encuentra en numerosos museos internacionales y en importantes colecciones p\u00fablicas y privadas. Ha participado en m\u00e1s de una veintena de exposiciones en solitario y en otras tantas colectivas. Garraza ha recibido numerosos premios, entre ellos el primer premio Ciudad de Valladolid en 1974, Gure Artea a principios de los 80, la Medalla de Oro del concurso Internacional de Cer\u00e1mica de la ciudad italiana de Faenza en 1989 o el del Museo Nacional de Historia de Taip\u00e9i (Taiw\u00e1n) en 1992. En 1997 gan\u00f3 el concurso organizado por Bilbao R\u00eda 2000 y la obra premiada entonces se puede ver hoy en d\u00eda en el Parque de Abandoibarra de Bilbao. La escultura \u00abInteriores iluminados\u00bb, tras su catalogaci\u00f3n, forma ya parte del patrimonio cultural de la UPV\/EHU.<\/p>\n<!-- AddThis Advanced Settings generic via filter on the_content --><!-- AddThis Share Buttons generic via filter on the_content -->","protected":false},"excerpt":{"rendered":"<p>Martes 10 de diciembre de 2013 La obra, creada por \u00c1ngel Garraza, ha sido instalada en el hall de la Biblioteca Central de la UPV\/EHU. El 2 de diciembre, la Universidad del Pa\u00eds Vasco\/Euskal Herriko Unibertsitatea inaugur\u00f3 en el hall de su Biblioteca Central (\u00c1rea Leioa-Erandio del Campus de Bizkaia) la escultura \u00abInteriores iluminados\u00bb, que &hellip; <a href=\"https:\/\/blogs.deia.eus\/anasagasti\/2013\/12\/10\/inaugurada-la-escultura-interiores-iluminados-que-rememora-la-universidad-vasca-de-1936\/\" class=\"more-link\">Sigue leyendo <span class=\"screen-reader-text\">Inaugurada la Escultura  \u201cInteriores Iluminados\u201d, que rememora la Universidad Vasca de 1936.<\/span><\/a><!-- AddThis Advanced Settings generic via filter on get_the_excerpt --><!-- AddThis Share Buttons generic via filter on get_the_excerpt --><\/p>\n","protected":false},"author":19,"featured_media":0,"comment_status":"open","ping_status":"open","sticky":false,"template":"","format":"standard","meta":{"footnotes":""},"categories":[1],"tags":[],"class_list":["post-4682","post","type-post","status-publish","format-standard","hentry","category-general"],"_links":{"self":[{"href":"https:\/\/blogs.deia.eus\/anasagasti\/wp-json\/wp\/v2\/posts\/4682","targetHints":{"allow":["GET"]}}],"collection":[{"href":"https:\/\/blogs.deia.eus\/anasagasti\/wp-json\/wp\/v2\/posts"}],"about":[{"href":"https:\/\/blogs.deia.eus\/anasagasti\/wp-json\/wp\/v2\/types\/post"}],"author":[{"embeddable":true,"href":"https:\/\/blogs.deia.eus\/anasagasti\/wp-json\/wp\/v2\/users\/19"}],"replies":[{"embeddable":true,"href":"https:\/\/blogs.deia.eus\/anasagasti\/wp-json\/wp\/v2\/comments?post=4682"}],"version-history":[{"count":2,"href":"https:\/\/blogs.deia.eus\/anasagasti\/wp-json\/wp\/v2\/posts\/4682\/revisions"}],"predecessor-version":[{"id":4684,"href":"https:\/\/blogs.deia.eus\/anasagasti\/wp-json\/wp\/v2\/posts\/4682\/revisions\/4684"}],"wp:attachment":[{"href":"https:\/\/blogs.deia.eus\/anasagasti\/wp-json\/wp\/v2\/media?parent=4682"}],"wp:term":[{"taxonomy":"category","embeddable":true,"href":"https:\/\/blogs.deia.eus\/anasagasti\/wp-json\/wp\/v2\/categories?post=4682"},{"taxonomy":"post_tag","embeddable":true,"href":"https:\/\/blogs.deia.eus\/anasagasti\/wp-json\/wp\/v2\/tags?post=4682"}],"curies":[{"name":"wp","href":"https:\/\/api.w.org\/{rel}","templated":true}]}}