{"id":4685,"date":"2013-12-11T21:31:58","date_gmt":"2013-12-11T19:31:58","guid":{"rendered":"http:\/\/blogs.deia.com\/anasagasti\/?p=4685"},"modified":"2013-12-11T21:31:58","modified_gmt":"2013-12-11T19:31:58","slug":"te-equivocas-faine","status":"publish","type":"post","link":"https:\/\/blogs.deia.eus\/anasagasti\/2013\/12\/11\/te-equivocas-faine\/","title":{"rendered":"Te equivocas Fain\u00e9"},"content":{"rendered":"<p><b>Mi\u00e9rcoles 11 de diciembre de 2013<\/b><\/p>\n<p>Isidro Fain\u00e9 es uno de esos tiburones blanqueados que preside la Caixa catalana. Este se\u00f1or se ha permitido decirle al presidente de la Generalit\u00e1, Artur Mas que se est\u00e1 equivocando en su apuesta por lograr para su pueblo el derecho a decidir\u2026 \u00abPresident, te est\u00e1s equivocando\u00bb.<\/p>\n<p>Lo dice un banquero que mantiene a una imputada por robo como Cristina de Borb\u00f3n trabajando en Ginebra en una de las a\u00e9reas de la Caixa destinada a hacer trabajos sin sustancia para lavar conciencias atribuladas. Una se\u00f1ora que te\u00f3ricamente no sab\u00eda lo que hac\u00eda su marido, una se\u00f1ora que compr\u00f3 en Pedralbes un lujoso palacete, una se\u00f1ora que dice tener capacidad para trabajar en esa \u00e1rea en la Caixa pero que es una in\u00fatil a la hora de tragar todo lo que su marido hac\u00eda. Y con semejante amiga de lo ajeno la tiene en su Caixa cuando el c\u00f3digo deontol\u00f3gico de esta entidad financiera le impide tener a ladrones en su entidad. El c\u00f3digo de la Caixa le dice que esa se\u00f1ora deber\u00eda haber sido expulsada del trabajo de la entidad financiera.<\/p>\n<p>Bueno, pues este banquero se atreve a decirle a Mas que se equivoca. No, quien se equivoca es Fain\u00e9 y quienes se equivocan son aquellos catalanes que mantienen a Isidro Fain\u00e9 al frente de tan importante entidad.<\/p>\n<!-- AddThis Advanced Settings generic via filter on the_content --><!-- AddThis Share Buttons generic via filter on the_content -->","protected":false},"excerpt":{"rendered":"<p>Mi\u00e9rcoles 11 de diciembre de 2013 Isidro Fain\u00e9 es uno de esos tiburones blanqueados que preside la Caixa catalana. Este se\u00f1or se ha permitido decirle al presidente de la Generalit\u00e1, Artur Mas que se est\u00e1 equivocando en su apuesta por lograr para su pueblo el derecho a decidir\u2026 \u00abPresident, te est\u00e1s equivocando\u00bb. Lo dice un &hellip; <a href=\"https:\/\/blogs.deia.eus\/anasagasti\/2013\/12\/11\/te-equivocas-faine\/\" class=\"more-link\">Sigue leyendo <span class=\"screen-reader-text\">Te equivocas Fain\u00e9<\/span><\/a><!-- AddThis Advanced Settings generic via filter on get_the_excerpt --><!-- AddThis Share Buttons generic via filter on get_the_excerpt --><\/p>\n","protected":false},"author":19,"featured_media":0,"comment_status":"open","ping_status":"open","sticky":false,"template":"","format":"standard","meta":{"footnotes":""},"categories":[1],"tags":[],"class_list":["post-4685","post","type-post","status-publish","format-standard","hentry","category-general"],"_links":{"self":[{"href":"https:\/\/blogs.deia.eus\/anasagasti\/wp-json\/wp\/v2\/posts\/4685","targetHints":{"allow":["GET"]}}],"collection":[{"href":"https:\/\/blogs.deia.eus\/anasagasti\/wp-json\/wp\/v2\/posts"}],"about":[{"href":"https:\/\/blogs.deia.eus\/anasagasti\/wp-json\/wp\/v2\/types\/post"}],"author":[{"embeddable":true,"href":"https:\/\/blogs.deia.eus\/anasagasti\/wp-json\/wp\/v2\/users\/19"}],"replies":[{"embeddable":true,"href":"https:\/\/blogs.deia.eus\/anasagasti\/wp-json\/wp\/v2\/comments?post=4685"}],"version-history":[{"count":2,"href":"https:\/\/blogs.deia.eus\/anasagasti\/wp-json\/wp\/v2\/posts\/4685\/revisions"}],"predecessor-version":[{"id":4687,"href":"https:\/\/blogs.deia.eus\/anasagasti\/wp-json\/wp\/v2\/posts\/4685\/revisions\/4687"}],"wp:attachment":[{"href":"https:\/\/blogs.deia.eus\/anasagasti\/wp-json\/wp\/v2\/media?parent=4685"}],"wp:term":[{"taxonomy":"category","embeddable":true,"href":"https:\/\/blogs.deia.eus\/anasagasti\/wp-json\/wp\/v2\/categories?post=4685"},{"taxonomy":"post_tag","embeddable":true,"href":"https:\/\/blogs.deia.eus\/anasagasti\/wp-json\/wp\/v2\/tags?post=4685"}],"curies":[{"name":"wp","href":"https:\/\/api.w.org\/{rel}","templated":true}]}}