{"id":4688,"date":"2013-12-13T21:58:02","date_gmt":"2013-12-13T19:58:02","guid":{"rendered":"http:\/\/blogs.deia.com\/anasagasti\/?p=4688"},"modified":"2013-12-13T21:58:02","modified_gmt":"2013-12-13T19:58:02","slug":"la-pregunta-catalana","status":"publish","type":"post","link":"https:\/\/blogs.deia.eus\/anasagasti\/2013\/12\/13\/la-pregunta-catalana\/","title":{"rendered":"La pregunta catalana"},"content":{"rendered":"<p>Viernes 13 de diciembre de 2013<\/p>\n<p>Me gusta. Y me da que a todos afiliados al PNV. \u00bfQu\u00e9 miedo en democracia a preguntar por las cosas?. Sali\u00f3 Gallard\u00f3n, Posada, Rubalcaba, Alonso diciendo que no es legal. La legalidad la asientan en el n\u00famero. \u00abLos espa\u00f1oles somos m\u00e1s y no permitiremos que los catalanes den su opini\u00f3n sobre su presente y sobre su futuro\u00bb. Esa es toda su l\u00f3gica. El n\u00famero y la espa\u00f1olidad.<\/p>\n<p>Pero no se dan cuenta que su campa\u00f1a contraria, con sus amenazas de hundimiento y de expulsi\u00f3n de Catalunya de Europa van a ser las mejores vitaminas para una campa\u00f1a dura, enfrentada, y de grandes controversias.<\/p>\n<p>Pero con la pregunta de hoy Espa\u00f1a empieza a perder a Catalunya. La espa\u00f1olidad se lo ha ganado a pulso. Uniformizaron el proceso auton\u00f3mico, no quisieron la singularidad de Euzkadi y Catalunya, la han financiado mal, no admiten que en Catalunya se pueda hablar catal\u00e1n, todo es Madrid, Madrid, Madrid, Madrid, Madrid y m\u00e1s Madrid y ahora no saben qu\u00e9 hacer. \u00bfVan a enviar el ej\u00e9rcito como pidi\u00f3 Vidal Quadras?. \u00bfPor qu\u00e9 no se analizan el por qu\u00e9 los catalanes no quieren ser espa\u00f1oles?. Dicen que Espa\u00f1a es una e indivisible. Y lo asientan en el n\u00famero de espa\u00f1oles. \u00bfPor qu\u00e9 no piensan un poco que Catalunya, Euzkadi y Galicia son naciones sin estado?. \u00bfPor qu\u00e9?. Pues porque son cerriles nacionalistas espa\u00f1oles y no admiten que nadie pueda pensar y actuar de manera diferente. Que sigan as\u00ed.<\/p>\n<p>Y la postura de un mon\u00e1rquico PSOE es lamentable. El PP y el PSOE, los mismos que tumbaron el plan Ibarretxe, son dos caras de una misma moneda.<\/p>\n<p>\u00a1Zorionak Catalunya!<\/p>\n<!-- AddThis Advanced Settings generic via filter on the_content --><!-- AddThis Share Buttons generic via filter on the_content -->","protected":false},"excerpt":{"rendered":"<p>Viernes 13 de diciembre de 2013 Me gusta. Y me da que a todos afiliados al PNV. \u00bfQu\u00e9 miedo en democracia a preguntar por las cosas?. Sali\u00f3 Gallard\u00f3n, Posada, Rubalcaba, Alonso diciendo que no es legal. La legalidad la asientan en el n\u00famero. \u00abLos espa\u00f1oles somos m\u00e1s y no permitiremos que los catalanes den su &hellip; <a href=\"https:\/\/blogs.deia.eus\/anasagasti\/2013\/12\/13\/la-pregunta-catalana\/\" class=\"more-link\">Sigue leyendo <span class=\"screen-reader-text\">La pregunta catalana<\/span><\/a><!-- AddThis Advanced Settings generic via filter on get_the_excerpt --><!-- AddThis Share Buttons generic via filter on get_the_excerpt --><\/p>\n","protected":false},"author":19,"featured_media":0,"comment_status":"open","ping_status":"open","sticky":false,"template":"","format":"standard","meta":{"footnotes":""},"categories":[1],"tags":[],"class_list":["post-4688","post","type-post","status-publish","format-standard","hentry","category-general"],"_links":{"self":[{"href":"https:\/\/blogs.deia.eus\/anasagasti\/wp-json\/wp\/v2\/posts\/4688","targetHints":{"allow":["GET"]}}],"collection":[{"href":"https:\/\/blogs.deia.eus\/anasagasti\/wp-json\/wp\/v2\/posts"}],"about":[{"href":"https:\/\/blogs.deia.eus\/anasagasti\/wp-json\/wp\/v2\/types\/post"}],"author":[{"embeddable":true,"href":"https:\/\/blogs.deia.eus\/anasagasti\/wp-json\/wp\/v2\/users\/19"}],"replies":[{"embeddable":true,"href":"https:\/\/blogs.deia.eus\/anasagasti\/wp-json\/wp\/v2\/comments?post=4688"}],"version-history":[{"count":2,"href":"https:\/\/blogs.deia.eus\/anasagasti\/wp-json\/wp\/v2\/posts\/4688\/revisions"}],"predecessor-version":[{"id":4690,"href":"https:\/\/blogs.deia.eus\/anasagasti\/wp-json\/wp\/v2\/posts\/4688\/revisions\/4690"}],"wp:attachment":[{"href":"https:\/\/blogs.deia.eus\/anasagasti\/wp-json\/wp\/v2\/media?parent=4688"}],"wp:term":[{"taxonomy":"category","embeddable":true,"href":"https:\/\/blogs.deia.eus\/anasagasti\/wp-json\/wp\/v2\/categories?post=4688"},{"taxonomy":"post_tag","embeddable":true,"href":"https:\/\/blogs.deia.eus\/anasagasti\/wp-json\/wp\/v2\/tags?post=4688"}],"curies":[{"name":"wp","href":"https:\/\/api.w.org\/{rel}","templated":true}]}}