{"id":4691,"date":"2013-12-14T16:55:18","date_gmt":"2013-12-14T14:55:18","guid":{"rendered":"http:\/\/blogs.deia.com\/anasagasti\/?p=4691"},"modified":"2013-12-14T16:55:18","modified_gmt":"2013-12-14T14:55:18","slug":"mi-recuerdo-de-labayen","status":"publish","type":"post","link":"https:\/\/blogs.deia.eus\/anasagasti\/2013\/12\/14\/mi-recuerdo-de-labayen\/","title":{"rendered":"Mi recuerdo de Labayen"},"content":{"rendered":"<p><b>S\u00e1bado 14 de diciembre de 2013<\/b><\/p>\n<p>Un tipo original que andaba a su manera, usaba chaquetas dos tallas mayores que las que le correspond\u00edan y a veces cruzadas, un hombre culto y original, un vasco especial de los que quedan pocos.\u00a0 La \u00faltima vez que le vi fue en una pel\u00edcula sobre un cineasta nazi, cuyas explicaciones fueron muy valientes y claras\u00a0y un a\u00f1o antes en una manifestaci\u00f3n a favor del euskera, as\u00ed como en la toma de posesi\u00f3n de Urkullu.<\/p>\n<p>El Lehendakari Garaikoetxea apost\u00f3 por \u00e9l como Consejero de Cultura y Portavoz. Su fama le preced\u00eda. Hab\u00eda sido director del Hotel de Londres y eran famosas sus peque\u00f1as trampas para tener el Hotel lleno.\u00a0 Una vez ven\u00eda un autob\u00fas desde Par\u00eds y no ten\u00eda plazas.\u00a0 Llam\u00f3 al conductor y le dijo que por aver\u00eda parase en Burdeos. De esa manera solucion\u00f3 el problema.\u00a0 Y de esas hay muchas.<\/p>\n<p>Abertzale, era muy ceremonioso con la Duquesa de Alba que visitaba Donosti una vez al a\u00f1o en verano.\u00a0 Una vez me llam\u00f3 para decirme que la Duquesa estaba molesta conmigo porque hab\u00eda aparecido en una revista que el Duque de Alba, padre de Cayetana, hab\u00eda hablado con los servicios secretos nazis para que cuando los alemanes bombardearan Londres no lo hicieran encima de la embajada. Aquello me pareci\u00f3 una inmoralidad y lo escrib\u00ed.\u00a0 Y me llam\u00f3 Labayen para hablarme de las molestias de Do\u00f1a Cayetana.<\/p>\n<p>Promovi\u00f3 la creaci\u00f3n del ente EITB. El proyecto de ley se discuti\u00f3 en la comisi\u00f3n de la que yo era presidente y a la comisi\u00f3n me ven\u00eda Labayen y se pon\u00eda al lado m\u00edo para que el texto que hab\u00eda salido del Gobierno no fuera retocado con las enmiendas.\u00a0 El quer\u00eda una ETB toda en euskera y no fue f\u00e1cil convencerle.\u00a0 Luego la pelea fue por su ubicaci\u00f3n.\u00a0 Argumentaba que el euskera estaba en Gipuzkoa y all\u00ed deber\u00edan estar todos los estudios.\u00a0 Terci\u00f3 Makua, Diputado General de Bizkaia, y los informativos pasaron a Durango y los estudios a Miram\u00f3n.\u00a0 Una casta\u00f1a que se arregl\u00f3 en parte cuando de Durango los informativos pasaron a Bilbao, porque hoy Miram\u00f3n languidece. El era profundamente gipuzkoano y siempre barr\u00eda para casa.<\/p>\n<p>Le gustaba el protocolo como a nadie.\u00a0 El que era tan ca\u00f3tico todo lo relacionaba con uniformes, ceremoniales, adornos no solo le gustaba sino lo promov\u00eda.\u00a0 Los uniformes de gala de la Ertzaintza, la orden \u201c\u00c1rbol de Gernika\u201d que cre\u00f3 \u00e9l tras llamarle yo en 1983 desde Caracas pues las autoridades venezolanas me ped\u00edan saber con qu\u00e9 orden le condecorar\u00eda al Lehendkari Garaikoetxea el Gobernador de Caracas y cosas as\u00ed.<\/p>\n<p>Su padre fue Antonio Mar\u00eda Labayen un intelectual de Tolosa.\u00a0 Escritor, guionista de teatro fui a visitarle una vez a su casa con Uzturre.\u00a0 Toda una experiencia.\u00a0 Nos contaron que siempre antes de retirarse a dormir la madre tocaba el viol\u00edn y el padre el piano.\u00a0<\/p>\n<p>Le gustaba escribir y publicar sus trabajos sobre la construcci\u00f3n de soldaditos de plomo y m\u00e1s de una vez me llamaba para conocer los presupuestos de defensa.\u00a0 Creo que al final le dieron la medalla al m\u00e9rito a cuenta de este singular trabajo.<\/p>\n<p>Promotor del colectivo Izadia, sus apuestas por el euskera y su abertzalismo lo distingu\u00eda en Gipuzkoa como la de un abertzale singular y valiente.<\/p>\n<p>G.B. Ram\u00f3n.<\/p>\n<!-- AddThis Advanced Settings generic via filter on the_content --><!-- AddThis Share Buttons generic via filter on the_content -->","protected":false},"excerpt":{"rendered":"<p>S\u00e1bado 14 de diciembre de 2013 Un tipo original que andaba a su manera, usaba chaquetas dos tallas mayores que las que le correspond\u00edan y a veces cruzadas, un hombre culto y original, un vasco especial de los que quedan pocos.\u00a0 La \u00faltima vez que le vi fue en una pel\u00edcula sobre un cineasta nazi, &hellip; <a href=\"https:\/\/blogs.deia.eus\/anasagasti\/2013\/12\/14\/mi-recuerdo-de-labayen\/\" class=\"more-link\">Sigue leyendo <span class=\"screen-reader-text\">Mi recuerdo de Labayen<\/span><\/a><!-- AddThis Advanced Settings generic via filter on get_the_excerpt --><!-- AddThis Share Buttons generic via filter on get_the_excerpt --><\/p>\n","protected":false},"author":19,"featured_media":0,"comment_status":"open","ping_status":"open","sticky":false,"template":"","format":"standard","meta":{"footnotes":""},"categories":[1],"tags":[],"class_list":["post-4691","post","type-post","status-publish","format-standard","hentry","category-general"],"_links":{"self":[{"href":"https:\/\/blogs.deia.eus\/anasagasti\/wp-json\/wp\/v2\/posts\/4691","targetHints":{"allow":["GET"]}}],"collection":[{"href":"https:\/\/blogs.deia.eus\/anasagasti\/wp-json\/wp\/v2\/posts"}],"about":[{"href":"https:\/\/blogs.deia.eus\/anasagasti\/wp-json\/wp\/v2\/types\/post"}],"author":[{"embeddable":true,"href":"https:\/\/blogs.deia.eus\/anasagasti\/wp-json\/wp\/v2\/users\/19"}],"replies":[{"embeddable":true,"href":"https:\/\/blogs.deia.eus\/anasagasti\/wp-json\/wp\/v2\/comments?post=4691"}],"version-history":[{"count":3,"href":"https:\/\/blogs.deia.eus\/anasagasti\/wp-json\/wp\/v2\/posts\/4691\/revisions"}],"predecessor-version":[{"id":4694,"href":"https:\/\/blogs.deia.eus\/anasagasti\/wp-json\/wp\/v2\/posts\/4691\/revisions\/4694"}],"wp:attachment":[{"href":"https:\/\/blogs.deia.eus\/anasagasti\/wp-json\/wp\/v2\/media?parent=4691"}],"wp:term":[{"taxonomy":"category","embeddable":true,"href":"https:\/\/blogs.deia.eus\/anasagasti\/wp-json\/wp\/v2\/categories?post=4691"},{"taxonomy":"post_tag","embeddable":true,"href":"https:\/\/blogs.deia.eus\/anasagasti\/wp-json\/wp\/v2\/tags?post=4691"}],"curies":[{"name":"wp","href":"https:\/\/api.w.org\/{rel}","templated":true}]}}