{"id":4695,"date":"2013-12-17T22:36:28","date_gmt":"2013-12-17T20:36:28","guid":{"rendered":"http:\/\/blogs.deia.com\/anasagasti\/?p=4695"},"modified":"2013-12-17T22:36:28","modified_gmt":"2013-12-17T20:36:28","slug":"mas-van-rompuy-y-rajoy","status":"publish","type":"post","link":"https:\/\/blogs.deia.eus\/anasagasti\/2013\/12\/17\/mas-van-rompuy-y-rajoy\/","title":{"rendered":"Mas, Van Rompuy y Rajoy"},"content":{"rendered":"<p><b>Martes 17 de diciembre de 2013<\/b><b><\/b><\/p>\n<p>Una de las claves de la actual situaci\u00f3n catalana tiene nombre y apellido: Artur Mas. Madrid le minusvalor\u00f3. Crey\u00f3 que despu\u00e9s de Pujol, nadie tendr\u00eda su fuerza y ascendiente as\u00ed como su determinaci\u00f3n. Creyeron que era un vendedor de El Corte Ingl\u00e9s en lugar de un l\u00edder pol\u00edtico con una idea clara sobre su pa\u00eds. Una vez m\u00e1s se equivocaron. Posteriormente creyeron que a Mas podr\u00edan tratarle como al Lehendakari Ibarretxe. Se ponen de acuerdo Rajoy y Rubalcaba y se acab\u00f3. Pero la cuesti\u00f3n es distinta. El Lehendakari llev\u00f3 a Madrid una reforma estatutaria valiente, pero susceptible de no admitirse a tr\u00e1mite como sucedi\u00f3. Mas estaba en la tribuna de invitados y aprendi\u00f3 de aquella arriesgada y valiosa decisi\u00f3n del Lehendakari.<\/p>\n<p>Y Artur Mas habl\u00f3 con su familia. El \u00fanico camino para que Catalunya sea respetada es \u00e9ste. Su familia le dio el visto bueno y ah\u00ed est\u00e1 liderando una opci\u00f3n a la que ya han comenzado a tirarle encima plomo l\u00edquido. Nada nuevo. Estaba previsto.<\/p>\n<p>Van Rompuy visit\u00f3 esta semana Madrid, es decir Espa\u00f1a, porque Madrid es Espa\u00f1a. Fue recibido en la Moncloa por Rajoy. Ese d\u00eda le daban un Honoris Causa en alguna universidad. Pero sab\u00eda que en la rueda de prensa le iban a preguntar por Catalunya. Y se trajo la respuesta escrita para rechazar la consulta y meterle un palo en la rueda. Pod\u00eda haber estado m\u00e1s prudente, ya que en su pa\u00eds, en poco tiempo, en Flandes plantear\u00e1n lo mismo. El d\u00eda que lo eligieron presidente del Consejo Europeo uno de los que m\u00e1s le conoc\u00edan dijeron de \u00e9l que ten\u00eda el carisma de una bayeta. No lo s\u00e9. Demostr\u00f3 falta de personalidad ante Rajoy, porque \u00bfc\u00f3mo se le quita a un europeo su nacionalidad europea?.<\/p>\n<p>Y, finalmente Rajoy. No habr\u00e1 refer\u00e9ndum. Es lo \u00fanico que se le ocurre decir. No analiza el por qu\u00e9 los catalanes, mayoritariamente, no quieren ser espa\u00f1oles. \u00bfSe han vuelto locos o est\u00e1n hartos?. Y si est\u00e1n hartos \u00bfpor qu\u00e9 est\u00e1n hartos?. No, eso no se analiza. Espa\u00f1a es Una, Grande y Libre y se acab\u00f3. A diferencia del primer ministro ingl\u00e9s, tan conservador como \u00e9l, Rajoy no acepta democr\u00e1ticamente el desaf\u00edo. Solo dice que no se har\u00e1, mientras acarician el 155 de la Constituci\u00f3n para suspender la autonom\u00eda catalana. Palo y tente tieso. Pero el camino es irreversible. Tambi\u00e9n a Mandela le metieron 27 a\u00f1os de c\u00e1rcel y al final estaban todos en su funeral.<\/p>\n<p>Esto se pone interesante.<\/p>\n<p>&nbsp;<\/p>\n<!-- AddThis Advanced Settings generic via filter on the_content --><!-- AddThis Share Buttons generic via filter on the_content -->","protected":false},"excerpt":{"rendered":"<p>Martes 17 de diciembre de 2013 Una de las claves de la actual situaci\u00f3n catalana tiene nombre y apellido: Artur Mas. Madrid le minusvalor\u00f3. Crey\u00f3 que despu\u00e9s de Pujol, nadie tendr\u00eda su fuerza y ascendiente as\u00ed como su determinaci\u00f3n. Creyeron que era un vendedor de El Corte Ingl\u00e9s en lugar de un l\u00edder pol\u00edtico con &hellip; <a href=\"https:\/\/blogs.deia.eus\/anasagasti\/2013\/12\/17\/mas-van-rompuy-y-rajoy\/\" class=\"more-link\">Sigue leyendo <span class=\"screen-reader-text\">Mas, Van Rompuy y Rajoy<\/span><\/a><!-- AddThis Advanced Settings generic via filter on get_the_excerpt --><!-- AddThis Share Buttons generic via filter on get_the_excerpt --><\/p>\n","protected":false},"author":19,"featured_media":0,"comment_status":"open","ping_status":"open","sticky":false,"template":"","format":"standard","meta":{"footnotes":""},"categories":[1],"tags":[],"class_list":["post-4695","post","type-post","status-publish","format-standard","hentry","category-general"],"_links":{"self":[{"href":"https:\/\/blogs.deia.eus\/anasagasti\/wp-json\/wp\/v2\/posts\/4695","targetHints":{"allow":["GET"]}}],"collection":[{"href":"https:\/\/blogs.deia.eus\/anasagasti\/wp-json\/wp\/v2\/posts"}],"about":[{"href":"https:\/\/blogs.deia.eus\/anasagasti\/wp-json\/wp\/v2\/types\/post"}],"author":[{"embeddable":true,"href":"https:\/\/blogs.deia.eus\/anasagasti\/wp-json\/wp\/v2\/users\/19"}],"replies":[{"embeddable":true,"href":"https:\/\/blogs.deia.eus\/anasagasti\/wp-json\/wp\/v2\/comments?post=4695"}],"version-history":[{"count":2,"href":"https:\/\/blogs.deia.eus\/anasagasti\/wp-json\/wp\/v2\/posts\/4695\/revisions"}],"predecessor-version":[{"id":4697,"href":"https:\/\/blogs.deia.eus\/anasagasti\/wp-json\/wp\/v2\/posts\/4695\/revisions\/4697"}],"wp:attachment":[{"href":"https:\/\/blogs.deia.eus\/anasagasti\/wp-json\/wp\/v2\/media?parent=4695"}],"wp:term":[{"taxonomy":"category","embeddable":true,"href":"https:\/\/blogs.deia.eus\/anasagasti\/wp-json\/wp\/v2\/categories?post=4695"},{"taxonomy":"post_tag","embeddable":true,"href":"https:\/\/blogs.deia.eus\/anasagasti\/wp-json\/wp\/v2\/tags?post=4695"}],"curies":[{"name":"wp","href":"https:\/\/api.w.org\/{rel}","templated":true}]}}