{"id":4698,"date":"2013-12-18T22:06:39","date_gmt":"2013-12-18T20:06:39","guid":{"rendered":"http:\/\/blogs.deia.com\/anasagasti\/?p=4698"},"modified":"2013-12-18T22:06:39","modified_gmt":"2013-12-18T20:06:39","slug":"la-brunete-mediatica-madrilena-crea-separatistas","status":"publish","type":"post","link":"https:\/\/blogs.deia.eus\/anasagasti\/2013\/12\/18\/la-brunete-mediatica-madrilena-crea-separatistas\/","title":{"rendered":"La Brunete medi\u00e1tica madrile\u00f1a crea separatistas"},"content":{"rendered":"<p><b>Mi\u00e9rcoles 18 de diciembre de 2013<\/b><b><\/b><\/p>\n<p>No me llama la atenci\u00f3n\u00a0 la actuaci\u00f3n de la Brunete medi\u00e1tica madrile\u00f1a ante el caso catal\u00e1n. Conocemos su visi\u00f3n unilateral de la vida, sus anclajes en el franquismo, su nacionalismo espa\u00f1ol trasnochado y su falta de profesionalidad. No me imagino a la BBC brit\u00e1nica organizar mesas redondas de opini\u00f3n sobre Escocia sin que haya nadie de Escocia que defienda las tesis de Salmond. En cambio en Espa\u00f1a es lo usual. Plomo l\u00edquido sin contraste alimentando una bestia uniformadora espa\u00f1ola que lo \u00fanico que logra es hacer cada d\u00eda m\u00e1s separatistas en Catalunya, en Galicia y en Euzkadi.<\/p>\n<p>El lunes por la noche estaba en Madrid. Tuvimos pleno en el Senado. Al llegar al hotel puse esa nueva televisi\u00f3n que se dice es cat\u00f3lica y atiende al nombre de TV3Madrid.Todos los que opinaban eran castellanos salvo el conductor del programa Antonio Jim\u00e9nez que debe ser andaluz y, por cierto, un tipo\u00a0 sectario. Pues bien, en tal mesa las argumentaciones sobre la historia, sobre el Concierto, sobre la actual confrontaci\u00f3n fueron todas unilaterales. Ya de por s\u00ed, con este plantel, la citada tertulia expel\u00eda un tufo de sectarismo incre\u00edble. Para colmo hab\u00edan llevado a la presidenta de Navarra, Yolanda Barcina, se\u00f1ora nacida en Burgos\u00a0 que se jactaba de haber implementado el ingl\u00e9s para ir deteniendo el avance del modelo D en euskera la llamada Lingua Navarrorum del viejo Reino y que les alentaba a propiciar cambiar la Constituci\u00f3n para que esa posibilidad demon\u00edaca que es la disposici\u00f3n adicional que permite la inclusi\u00f3n de Navarra en\u00a0 la Comunidad aut\u00f3noma vasca o de la CAV en Navarra, se eliminara porque los robos de UPN, la desaparici\u00f3n de Caja Navarra han hecho que un pacto entre el PSN y las fuerzas nacionalistas\u00a0 van a hacer cambiar el giro pol\u00edtico del viejo Reino y ante eso hay que reaccionar desde la Espa\u00f1a profunda. \u00bfQu\u00e9 es eso de la democracia?. Catalunya por una parte, Navarra formando parte de Euzkadi por la otra, es algo intolerable aunque sea democr\u00e1tico. Asent\u00eda una ex ministra de Zapatero, Mar\u00eda Antonia Trujillo con argumentos tan reaccionarios como los de todos los integrantes de aquella mesa tan escorada a la derecha, y a la extrema derecha, que hac\u00edan inv\u00e1lidos\u00a0estos argumentos en Euzkadi y en Catalunya\u00a0 logrando el efecto contrario. L\u00f3gicamente atacaron el Concierto econ\u00f3mico, consagrado en su propia constituci\u00f3n.<\/p>\n<p>Pas\u00e9 a 24 H de TVE. Lo mismo. Con la gravedad que se trata de una TV p\u00fablica que deb\u00eda cuidar algo las formas. Cuatro periodistas del reino machacando antidemocr\u00e1ticamente a Catalunya y ridiculizando el mal llamado Plan Ibarretxe y a Artur Mas. Y he puesto hoy Intereconom\u00eda. All\u00ed vociferaba Jim\u00e9nez Losantos contra la Declaraci\u00f3n de Barcelona, el pacto de Lizarra, la conexi\u00f3n con ETA de todo, el viaje a Perpi\u00f1\u00e1n de Carod Rovira, el que Mas\u00a0hab\u00eda dicho que como persona particular votar\u00eda SI a la independencia de Catalunya y, el colmo, meti\u00e9ndose contra Miquel Roca porque hab\u00eda dicho que ante un problema pol\u00edtico hab\u00eda que actuar pol\u00edticamente. \u00abIlegalmente\u00bb apostillaba este insultador profesional.<\/p>\n<p>Penoso. Espa\u00f1a, como pa\u00eds, no tiene remedio, no aprende ni olvida nada. No mira a Cameron ni a Canad\u00e1. Y es que, le falta una clase pol\u00edtica que sea pol\u00edtica y que sea inteligente. Y ante eso, tiene los periodistas que merece, es decir, una Brunete Medi\u00e1tica disparando basura todos los d\u00edas y haciendo separatistas a cada hora, porque cuando hay separatistas es porque existen los separadores.\u00a0\u00a0Y en Madrid es muy dif\u00edcil encontrar gentes desapasionadas que busquen el acuerdo. Muy dif\u00edcil. Si no lo cree, ponga usted estos y otros medios. La falta de democracia brilla por su ausencia. Y la de respeto mucho m\u00e1s.<\/p>\n<p>&nbsp;<\/p>\n<p>&nbsp;<\/p>\n<p>&nbsp;<\/p>\n<!-- AddThis Advanced Settings generic via filter on the_content --><!-- AddThis Share Buttons generic via filter on the_content -->","protected":false},"excerpt":{"rendered":"<p>Mi\u00e9rcoles 18 de diciembre de 2013 No me llama la atenci\u00f3n\u00a0 la actuaci\u00f3n de la Brunete medi\u00e1tica madrile\u00f1a ante el caso catal\u00e1n. Conocemos su visi\u00f3n unilateral de la vida, sus anclajes en el franquismo, su nacionalismo espa\u00f1ol trasnochado y su falta de profesionalidad. No me imagino a la BBC brit\u00e1nica organizar mesas redondas de opini\u00f3n &hellip; <a href=\"https:\/\/blogs.deia.eus\/anasagasti\/2013\/12\/18\/la-brunete-mediatica-madrilena-crea-separatistas\/\" class=\"more-link\">Sigue leyendo <span class=\"screen-reader-text\">La Brunete medi\u00e1tica madrile\u00f1a crea separatistas<\/span><\/a><!-- AddThis Advanced Settings generic via filter on get_the_excerpt --><!-- AddThis Share Buttons generic via filter on get_the_excerpt --><\/p>\n","protected":false},"author":19,"featured_media":0,"comment_status":"open","ping_status":"open","sticky":false,"template":"","format":"standard","meta":{"footnotes":""},"categories":[1],"tags":[],"class_list":["post-4698","post","type-post","status-publish","format-standard","hentry","category-general"],"_links":{"self":[{"href":"https:\/\/blogs.deia.eus\/anasagasti\/wp-json\/wp\/v2\/posts\/4698","targetHints":{"allow":["GET"]}}],"collection":[{"href":"https:\/\/blogs.deia.eus\/anasagasti\/wp-json\/wp\/v2\/posts"}],"about":[{"href":"https:\/\/blogs.deia.eus\/anasagasti\/wp-json\/wp\/v2\/types\/post"}],"author":[{"embeddable":true,"href":"https:\/\/blogs.deia.eus\/anasagasti\/wp-json\/wp\/v2\/users\/19"}],"replies":[{"embeddable":true,"href":"https:\/\/blogs.deia.eus\/anasagasti\/wp-json\/wp\/v2\/comments?post=4698"}],"version-history":[{"count":2,"href":"https:\/\/blogs.deia.eus\/anasagasti\/wp-json\/wp\/v2\/posts\/4698\/revisions"}],"predecessor-version":[{"id":4700,"href":"https:\/\/blogs.deia.eus\/anasagasti\/wp-json\/wp\/v2\/posts\/4698\/revisions\/4700"}],"wp:attachment":[{"href":"https:\/\/blogs.deia.eus\/anasagasti\/wp-json\/wp\/v2\/media?parent=4698"}],"wp:term":[{"taxonomy":"category","embeddable":true,"href":"https:\/\/blogs.deia.eus\/anasagasti\/wp-json\/wp\/v2\/categories?post=4698"},{"taxonomy":"post_tag","embeddable":true,"href":"https:\/\/blogs.deia.eus\/anasagasti\/wp-json\/wp\/v2\/tags?post=4698"}],"curies":[{"name":"wp","href":"https:\/\/api.w.org\/{rel}","templated":true}]}}