{"id":4701,"date":"2013-12-19T22:22:10","date_gmt":"2013-12-19T20:22:10","guid":{"rendered":"http:\/\/blogs.deia.com\/anasagasti\/?p=4701"},"modified":"2013-12-19T22:22:10","modified_gmt":"2013-12-19T20:22:10","slug":"es-un-delincuente-el-fiscal-horrach","status":"publish","type":"post","link":"https:\/\/blogs.deia.eus\/anasagasti\/2013\/12\/19\/es-un-delincuente-el-fiscal-horrach\/","title":{"rendered":"\u00bfEs un delincuente el Fiscal Horrach?"},"content":{"rendered":"<p><b>Jueves 19 de diciembre de 2013<\/b><\/p>\n<p>Si no lo es, lo parece. Me da que prevarica. No es comprensible que un Fiscal se convierta en abogado defensor de un investigado por un juez. Me refiero a que este se\u00f1or ha perdido aparentemente el juicio o ha sido tocado por la Casa Real, v\u00eda Miquel Roca, para que no se impute a la Sra. Cristina de Borb\u00f3n.<\/p>\n<p>La Fiscal\u00eda Anticorrupci\u00f3n present\u00f3 anteayer un escrito ante el Juzgado de Instrucci\u00f3n n\u00famero 3 de Palma de Mallorca en el que no solo se reitera que no hay indicios para imputar a la Sra. Cristina de Borb\u00f3n (lo de Infanta se lo dejo a los cortesanos) en el denominado caso Urdangarin, sino que aprovech\u00f3 para arremeter contra el juez Castro por actuar profesionalmente y sospechar pueda imputarla tras las fiestas de Reyes.<\/p>\n<p>Y no solo eso. Ve indicios de delito en las cr\u00edticas del sindicato mayoritario de t\u00e9cnicos de Hacienda, Gestha, que denunci\u00f3 un trato de favor a esta se\u00f1ora, hija de un rey muy venal, que dijo en Navidad que la justicia es igual para todos menos para \u00e9l y su hija.<\/p>\n<p>Este se\u00f1or deber\u00eda ser cuestionado por su parcialidad, por su sectarismo, por su monarquismo trasnochado, por sus cr\u00edticas a una instrucci\u00f3n impecable y por su falta de profesionalidad. Es una verg\u00fcenza que una se\u00f1ora como \u00e9sta argumente que no sab\u00eda nada de lo que hac\u00eda su marido, cuando su marido la utilizaba de tapadera creyendo Urdangarin que si el rey es un irresponsable ante la ley, tambi\u00e9n lo ser\u00eda su hija. Ya, ya. Pero la democracia espa\u00f1ola no contaba con este tipo de fiscales que act\u00faan no como fiscales sino como abogados defensores de gentes corruptas que por tener un t\u00edtulo nobiliario se creen con derecho de pernada econ\u00f3mica ante todo y ante todos.<\/p>\n<!-- AddThis Advanced Settings generic via filter on the_content --><!-- AddThis Share Buttons generic via filter on the_content -->","protected":false},"excerpt":{"rendered":"<p>Jueves 19 de diciembre de 2013 Si no lo es, lo parece. Me da que prevarica. No es comprensible que un Fiscal se convierta en abogado defensor de un investigado por un juez. Me refiero a que este se\u00f1or ha perdido aparentemente el juicio o ha sido tocado por la Casa Real, v\u00eda Miquel Roca, &hellip; <a href=\"https:\/\/blogs.deia.eus\/anasagasti\/2013\/12\/19\/es-un-delincuente-el-fiscal-horrach\/\" class=\"more-link\">Sigue leyendo <span class=\"screen-reader-text\">\u00bfEs un delincuente el Fiscal Horrach?<\/span><\/a><!-- AddThis Advanced Settings generic via filter on get_the_excerpt --><!-- AddThis Share Buttons generic via filter on get_the_excerpt --><\/p>\n","protected":false},"author":19,"featured_media":0,"comment_status":"open","ping_status":"open","sticky":false,"template":"","format":"standard","meta":{"footnotes":""},"categories":[1],"tags":[],"class_list":["post-4701","post","type-post","status-publish","format-standard","hentry","category-general"],"_links":{"self":[{"href":"https:\/\/blogs.deia.eus\/anasagasti\/wp-json\/wp\/v2\/posts\/4701","targetHints":{"allow":["GET"]}}],"collection":[{"href":"https:\/\/blogs.deia.eus\/anasagasti\/wp-json\/wp\/v2\/posts"}],"about":[{"href":"https:\/\/blogs.deia.eus\/anasagasti\/wp-json\/wp\/v2\/types\/post"}],"author":[{"embeddable":true,"href":"https:\/\/blogs.deia.eus\/anasagasti\/wp-json\/wp\/v2\/users\/19"}],"replies":[{"embeddable":true,"href":"https:\/\/blogs.deia.eus\/anasagasti\/wp-json\/wp\/v2\/comments?post=4701"}],"version-history":[{"count":2,"href":"https:\/\/blogs.deia.eus\/anasagasti\/wp-json\/wp\/v2\/posts\/4701\/revisions"}],"predecessor-version":[{"id":4703,"href":"https:\/\/blogs.deia.eus\/anasagasti\/wp-json\/wp\/v2\/posts\/4701\/revisions\/4703"}],"wp:attachment":[{"href":"https:\/\/blogs.deia.eus\/anasagasti\/wp-json\/wp\/v2\/media?parent=4701"}],"wp:term":[{"taxonomy":"category","embeddable":true,"href":"https:\/\/blogs.deia.eus\/anasagasti\/wp-json\/wp\/v2\/categories?post=4701"},{"taxonomy":"post_tag","embeddable":true,"href":"https:\/\/blogs.deia.eus\/anasagasti\/wp-json\/wp\/v2\/tags?post=4701"}],"curies":[{"name":"wp","href":"https:\/\/api.w.org\/{rel}","templated":true}]}}