{"id":4704,"date":"2013-12-22T16:28:36","date_gmt":"2013-12-22T14:28:36","guid":{"rendered":"http:\/\/blogs.deia.com\/anasagasti\/?p=4704"},"modified":"2013-12-22T16:28:36","modified_gmt":"2013-12-22T14:28:36","slug":"se-ha-ido-la-mujer-del-pelo-rojo","status":"publish","type":"post","link":"https:\/\/blogs.deia.eus\/anasagasti\/2013\/12\/22\/se-ha-ido-la-mujer-del-pelo-rojo\/","title":{"rendered":"Se ha ido la Mujer del pelo rojo"},"content":{"rendered":"<h3>Domingo 22 de diciembre de 2013<\/h3>\n<p>Habl\u00e9 con Lentxu Rubial har\u00e1 unos dos meses. Nos hab\u00eda invitado a un acto de \u00a0la Fundaci\u00f3n Ram\u00f3n Rubial que presid\u00eda y al coincidir con un pleno me excusaba por no poder asistir. Ella me contest\u00f3 que primero era la obligaci\u00f3n y luego la devoci\u00f3n. Sab\u00eda lo que era la actividad parlamentaria. Finalizando enero seguramente este a\u00f1o asistir\u00eda a la gala de la Fundaci\u00f3n Sabino Arana.<\/p>\n<p>Si me preguntaran como era Lentxu, contestar\u00eda que una mujer normal. Parece un\u00a0 lugar com\u00fan, pero no es f\u00e1cil encontrar gentes normales en la pol\u00edtica. Hija de Ram\u00f3n Rubial, cuando m\u00e1s le conoc\u00ed fue en la anterior legislatura. El PSE tuvo los tres senadores por Bizkaia (Rubial, Lertxundi, Zubero y Sa\u00f1udo), siendo Lertxundi el senador auton\u00f3mico y ella elegida presidenta de la comisi\u00f3n de Trabajo e Inmigraci\u00f3n. Las esperas en el aeropuerto nos daba la posibilidad de hablar de lo divino y de lo humano.<\/p>\n<p>Sentido com\u00fan, trabajo, estar en todos los actos, apoyar a su partido, ser buena gente, organizarnos a los senadores vascos una comida para que departi\u00e9ramos y nos conoci\u00e9ramos, estar pendiente de su hija Eider, tomarse la vida y los l\u00edos pol\u00edticos con distancia, acudir con Idoia Mend\u00eda a todos los actos de Memoria Hist\u00f3rica, tener una sonora carcajada cuando el chiste lo merec\u00eda, eso fue para m\u00ed Lentxu junto a su presidencia de la Fundaci\u00f3n que recordaba a su padre cuyo busto orna el pasillo del Senado.<\/p>\n<p>Me extra\u00f1\u00f3 que el PSE no la pusiera en las listas electorales en las \u00faltimas elecciones. Le doli\u00f3 pues su trabajo le gustaba, pero no protest\u00f3 ante nadie. Sigui\u00f3 con su Fundaci\u00f3n, sus contactos, sus amigos y, de repente, nos anuncian su defunci\u00f3n. Y lo he lamentado.<\/p>\n<p>Hoy domingo he estado en el cementerio de Derio. He ido con Mar\u00eda Esther. Al\u00ed estaban \u00a0Joseba Arregui, Jos\u00e9 Luis de la Granja, Rodolfo Ares, Jos\u00e9 Antonio Pastor, la familia de Lentxu, quien fuera secretario de Rubial, Jos\u00e9 Luis L\u00f3pez\u00a0 Merino, Mikel Cabieces, Idoia Mendia, Alfonso Gil, Bego\u00f1a Gil, Tontxu Rodriguez, Imanol Zubero, Dimas Sa\u00f1udo, la secretaria de la Fundaci\u00f3n y muchos militantes de su partido. Patxi L\u00f3pez, delante de una foto de Lentxu y con una buena megafon\u00eda ha hecho una muy buena oraci\u00f3n f\u00fanebre para terminar no con la Internacional sino con la \u00a0canci\u00f3n de Cole Porter, interpretada por Frank Sinatra, \u201dA mi manera\u201d.<\/p>\n<p>Se van gentes de una generaci\u00f3n a los que les toc\u00f3 vivir bajo el franquismo y cuya vida no fue f\u00e1cil. G.B.Lentxu.<\/p>\n<p>&nbsp;<\/p>\n<!-- AddThis Advanced Settings generic via filter on the_content --><!-- AddThis Share Buttons generic via filter on the_content -->","protected":false},"excerpt":{"rendered":"<p>Domingo 22 de diciembre de 2013 Habl\u00e9 con Lentxu Rubial har\u00e1 unos dos meses. Nos hab\u00eda invitado a un acto de \u00a0la Fundaci\u00f3n Ram\u00f3n Rubial que presid\u00eda y al coincidir con un pleno me excusaba por no poder asistir. Ella me contest\u00f3 que primero era la obligaci\u00f3n y luego la devoci\u00f3n. Sab\u00eda lo que era &hellip; <a href=\"https:\/\/blogs.deia.eus\/anasagasti\/2013\/12\/22\/se-ha-ido-la-mujer-del-pelo-rojo\/\" class=\"more-link\">Sigue leyendo <span class=\"screen-reader-text\">Se ha ido la Mujer del pelo rojo<\/span><\/a><!-- AddThis Advanced Settings generic via filter on get_the_excerpt --><!-- AddThis Share Buttons generic via filter on get_the_excerpt --><\/p>\n","protected":false},"author":19,"featured_media":0,"comment_status":"open","ping_status":"open","sticky":false,"template":"","format":"standard","meta":{"footnotes":""},"categories":[1],"tags":[],"class_list":["post-4704","post","type-post","status-publish","format-standard","hentry","category-general"],"_links":{"self":[{"href":"https:\/\/blogs.deia.eus\/anasagasti\/wp-json\/wp\/v2\/posts\/4704","targetHints":{"allow":["GET"]}}],"collection":[{"href":"https:\/\/blogs.deia.eus\/anasagasti\/wp-json\/wp\/v2\/posts"}],"about":[{"href":"https:\/\/blogs.deia.eus\/anasagasti\/wp-json\/wp\/v2\/types\/post"}],"author":[{"embeddable":true,"href":"https:\/\/blogs.deia.eus\/anasagasti\/wp-json\/wp\/v2\/users\/19"}],"replies":[{"embeddable":true,"href":"https:\/\/blogs.deia.eus\/anasagasti\/wp-json\/wp\/v2\/comments?post=4704"}],"version-history":[{"count":2,"href":"https:\/\/blogs.deia.eus\/anasagasti\/wp-json\/wp\/v2\/posts\/4704\/revisions"}],"predecessor-version":[{"id":4706,"href":"https:\/\/blogs.deia.eus\/anasagasti\/wp-json\/wp\/v2\/posts\/4704\/revisions\/4706"}],"wp:attachment":[{"href":"https:\/\/blogs.deia.eus\/anasagasti\/wp-json\/wp\/v2\/media?parent=4704"}],"wp:term":[{"taxonomy":"category","embeddable":true,"href":"https:\/\/blogs.deia.eus\/anasagasti\/wp-json\/wp\/v2\/categories?post=4704"},{"taxonomy":"post_tag","embeddable":true,"href":"https:\/\/blogs.deia.eus\/anasagasti\/wp-json\/wp\/v2\/tags?post=4704"}],"curies":[{"name":"wp","href":"https:\/\/api.w.org\/{rel}","templated":true}]}}