{"id":4714,"date":"2013-12-26T21:58:16","date_gmt":"2013-12-26T19:58:16","guid":{"rendered":"http:\/\/blogs.deia.com\/anasagasti\/?p=4714"},"modified":"2013-12-26T21:58:16","modified_gmt":"2013-12-26T19:58:16","slug":"los-dos-belenes-del-rey","status":"publish","type":"post","link":"https:\/\/blogs.deia.eus\/anasagasti\/2013\/12\/26\/los-dos-belenes-del-rey\/","title":{"rendered":"Los dos Belenes del Rey"},"content":{"rendered":"<h3>Jueves 26 de diciembre de 2013<\/h3>\n<p>La decoraci\u00f3n del mensaje Navidad del rey ten\u00eda un bel\u00e9n y una foto de la \u00faltima reuni\u00f3n con \u00c1ngeles Pedraza y la hermana de Blanco, pero la gente dice que el rey tiene dos belenes, el de la foto y el bel\u00e9n que tiene en casa\u00a0<\/p>\n<p>Lo que dice el rey es irrelevante. Le escriben los discursos y sus recomendaciones suenan huecas pues no se las aplica. Si hace dos a\u00f1os habl\u00f3 de la justicia para todos, este tema fue soslayado en el mensaje porque la instrucci\u00f3n del caso No\u00f3s est\u00e1 evidenciando un asqueroso trato de favor de la Fiscal\u00eda y de la abogac\u00eda del estado hacia una se\u00f1ora, la hija del rey, tan ladrona como su marido pero que no ha sido imputada de forma obscena y que encima trabaja en La Caixa haciendo nada. \u00bfPor qu\u00e9 el rey pide ejemplaridad y protege a su hija de tan e indigna manera y por qu\u00e9 al d\u00eda hoy no sabemos el monto de su fortuna mal habida?\u00a0<\/p>\n<p>El escriba del discurso irrelevante del rey no nombr\u00f3 la palabra corrupci\u00f3n cuando desde el presidente de la patronal D\u00edaz Ferr\u00e1n que lleva un a\u00f1o en la c\u00e1rcel, pasando por el presidente de Caja Madrid que est\u00e1 siendo protegido sobre sus caudales mal habidos, y terminando con el tesorero del PP pernocta que vive en Alcal\u00e1 Meco y cada d\u00eda demuestra m\u00e1s y m\u00e1s la financiaci\u00f3n corrupta del partido del gobierno y cosas as\u00ed\u00a0<\/p>\n<p>Y luego su toque pol\u00edtico de que hay que dialogar tras nombrar nueve veces la palabra unidad. \u00bfPero c\u00f3mo y con qu\u00e9 autoridad moral se puede pedir unidad, ejemplaridad, visi\u00f3n com\u00fan con semejante comportamiento?.<\/p>\n<p>Lo dicho. El discurso del rey es irrelevante y deber\u00edamos dejar de hablar de \u00e9l as\u00ed como hace ETB e hizo TV3 que ni los transmitieron. Irrelevante porque nadie le va a hacer caso en nada empezando por \u00e9l mismo, una persona incapaz de escribir dos l\u00edneas seguidas y siguiendo por el PP y el PSOE al que les ha parecido magn\u00edfico, pero al que no van a hacer el menor caso.<\/p>\n<p>Y en relaci\u00f3n a la foto de Pedraza y Blanco, lo de siempre. Aqu\u00ed solo hay v\u00edctimas de ETA. Ni del Gal, ni del batall\u00f3n Vasco Espa\u00f1ol, ni las miles del franquismo. \u00bfPor qu\u00e9?<\/p>\n<p>\u00bfEjemplaridad? \u00a1Pero si todav\u00eda no es el d\u00eda de los Inocentes!<\/p>\n<p>&nbsp;<\/p>\n<!-- AddThis Advanced Settings generic via filter on the_content --><!-- AddThis Share Buttons generic via filter on the_content -->","protected":false},"excerpt":{"rendered":"<p>Jueves 26 de diciembre de 2013 La decoraci\u00f3n del mensaje Navidad del rey ten\u00eda un bel\u00e9n y una foto de la \u00faltima reuni\u00f3n con \u00c1ngeles Pedraza y la hermana de Blanco, pero la gente dice que el rey tiene dos belenes, el de la foto y el bel\u00e9n que tiene en casa\u00a0 Lo que dice &hellip; <a href=\"https:\/\/blogs.deia.eus\/anasagasti\/2013\/12\/26\/los-dos-belenes-del-rey\/\" class=\"more-link\">Sigue leyendo <span class=\"screen-reader-text\">Los dos Belenes del Rey<\/span><\/a><!-- AddThis Advanced Settings generic via filter on get_the_excerpt --><!-- AddThis Share Buttons generic via filter on get_the_excerpt --><\/p>\n","protected":false},"author":19,"featured_media":0,"comment_status":"open","ping_status":"open","sticky":false,"template":"","format":"standard","meta":{"footnotes":""},"categories":[1],"tags":[],"class_list":["post-4714","post","type-post","status-publish","format-standard","hentry","category-general"],"_links":{"self":[{"href":"https:\/\/blogs.deia.eus\/anasagasti\/wp-json\/wp\/v2\/posts\/4714","targetHints":{"allow":["GET"]}}],"collection":[{"href":"https:\/\/blogs.deia.eus\/anasagasti\/wp-json\/wp\/v2\/posts"}],"about":[{"href":"https:\/\/blogs.deia.eus\/anasagasti\/wp-json\/wp\/v2\/types\/post"}],"author":[{"embeddable":true,"href":"https:\/\/blogs.deia.eus\/anasagasti\/wp-json\/wp\/v2\/users\/19"}],"replies":[{"embeddable":true,"href":"https:\/\/blogs.deia.eus\/anasagasti\/wp-json\/wp\/v2\/comments?post=4714"}],"version-history":[{"count":2,"href":"https:\/\/blogs.deia.eus\/anasagasti\/wp-json\/wp\/v2\/posts\/4714\/revisions"}],"predecessor-version":[{"id":4716,"href":"https:\/\/blogs.deia.eus\/anasagasti\/wp-json\/wp\/v2\/posts\/4714\/revisions\/4716"}],"wp:attachment":[{"href":"https:\/\/blogs.deia.eus\/anasagasti\/wp-json\/wp\/v2\/media?parent=4714"}],"wp:term":[{"taxonomy":"category","embeddable":true,"href":"https:\/\/blogs.deia.eus\/anasagasti\/wp-json\/wp\/v2\/categories?post=4714"},{"taxonomy":"post_tag","embeddable":true,"href":"https:\/\/blogs.deia.eus\/anasagasti\/wp-json\/wp\/v2\/tags?post=4714"}],"curies":[{"name":"wp","href":"https:\/\/api.w.org\/{rel}","templated":true}]}}