{"id":4717,"date":"2013-12-27T23:06:48","date_gmt":"2013-12-27T21:06:48","guid":{"rendered":"http:\/\/blogs.deia.com\/anasagasti\/?p=4717"},"modified":"2013-12-27T23:06:48","modified_gmt":"2013-12-27T21:06:48","slug":"carmelo-muguruza-un-bilbaino-que-tuvo-que-vivir-en-venezuela","status":"publish","type":"post","link":"https:\/\/blogs.deia.eus\/anasagasti\/2013\/12\/27\/carmelo-muguruza-un-bilbaino-que-tuvo-que-vivir-en-venezuela\/","title":{"rendered":"Carmelo Muguruza, un bilbaino  que tuvo que vivir en Venezuela."},"content":{"rendered":"<p><b>Viernes 27 de diciembre de 2013.<\/b><\/p>\n<p>Ha fallecido\u00a0 a los 92 a\u00f1os en Algorta (Bizkaia) Carmelo Muguruza Pradas, un vasco representativo de una dura \u00e9poca en Euskadi. Hijo de Gerardo Muguruza, administrador de la Misericordia de Bilbao que monopolizaba en la \u00e9poca diversos servicios, entre ellos el de la funeraria, estudi\u00f3 Comercio y Contabilidad.<\/p>\n<p>La guerra civil\u00a0 le coge con quince a\u00f1os y sufre las consecuencias de aquella tragedia. Su hermano mayor Ram\u00f3n, eran cinco hermanos, fue abanderado de Juventud Vasca de Bilbao (PNV) y gudari en la guerra \u00a0y que \u00a0es\u00a0 encarcelado en el Dueso\u00a0 como oficial del ej\u00e9rcito vasco. Aquel dato se\u00f1ala a la familia que pasa una postguerra muy dura. Ram\u00f3n se casa con la munguiatarra Aure Berrosteguieta y ante las dificultades para poder vivir en paz y con un trabajo digno es llamado por un exiliado en Venezuela que le ayuda a salir de aquel Bilbao donde la persecuci\u00f3n por ser nacionalista vasco\u00a0 era la norma. Ram\u00f3n se instala en Cumana, ciudad del Oriente venezolano, donde su amigo con una serie de constructores vascos tienen una compa\u00f1\u00eda que se dedica a edificar complejos educacionales y residenciales y Ram\u00f3n les lleva la contabilidad a la vez que se hace cargo del Hotel Miranda, un hotel muy concurrido por los vascos. En Cumana hab\u00eda una colonia de vascos nacionalistas que llegaba a la cincuentena y donde destacaban la familia Irazu, la familia Egibar (t\u00edas de Joseba Egibar), la familia del ex jugador del Athletic Gerardo Bilbao, Jos\u00e9 Luis Anasagasti (padre de I\u00f1aki Anasagasti), Julian P\u00e9rez y familia, y as\u00ed hasta cincuenta.<\/p>\n<p>Ram\u00f3n, ante la dif\u00edcil situaci\u00f3n que se vive en Euskadi llama a su hermano Carmelo que llega a\u00a0 Cumana en 1951 y al poco\u00a0 su mujer Mari Feli\u00a0 Eguren, hija de un marino de Algorta con su primer hijo Jos\u00e9 Antonio. En Cumana nace su segundo hijo Miguel Angel que ha atendido a su padre diariamente hasta el final de su vida. Jos\u00e9 Antonio vive en Madrid.<\/p>\n<p>Carmelo en los a\u00f1os sesenta se traslada a vivir a Caracas y env\u00eda a sus hijos a estudiar al colegio de Pinosierra en Madrid. El lleva la contabilidad de un joyero jud\u00edo instalado en el centro de Caracas, distribuidora Leisser y como en aquel pa\u00eds se requieren los servicios de contables de confianza siempre encuentra trabajos de este tipo que le dan holgura econ\u00f3mica. En Caracas, con su mujer, monta la Pensi\u00f3n Bol\u00edvar en la avenida de Sabana Grande y en el edificio Bol\u00edvar donde muchos vascos que llegaban a aquella capital viv\u00edan, entre ellos el dirigente de ANV, Josu Osteriz, el responsable de Talleres Bizkaia, Jos\u00e9 Alex Bilbao.<\/p>\n<p>Poco antes de llegar Hugo Ch\u00e1vez al poder en Venezuela Carmelo decide volver a Bilbao donde se instala \u00a0con su familia y donde puede tocar el piano en su casa, una de sus grandes aficiones. De all\u00ed pasa a Algorta donde vive integr\u00e1ndose en el d\u00eda a d\u00eda de la vida vasca hasta que fallece su mujer. matrimonio muy compenetrado. \u00a0El fallecimiento de Mari Feli le quita sentido a su vida\u00a0 y fallece a\u00f1os despu\u00e9s de la muerte de su mujer\u00a0 en Algorta. Deja dos hijos y cuatro nietos y el buen recuerdo de haber sido una persona cabal, responsable, abierta, generosa y muy representativa de una generaci\u00f3n que \u00a0tuvo\u00a0 que salir fuera de Euskadi tras la guerra, pero volvi\u00f3 a morir donde hab\u00eda nacido.<\/p>\n<p>&nbsp;<\/p>\n<p>El funeral ser\u00e1 el lunes 30 de diciembre a las 7:30 en la Iglesia de los Trinitarios de Algorta<\/p>\n<!-- AddThis Advanced Settings generic via filter on the_content --><!-- AddThis Share Buttons generic via filter on the_content -->","protected":false},"excerpt":{"rendered":"<p>Viernes 27 de diciembre de 2013. Ha fallecido\u00a0 a los 92 a\u00f1os en Algorta (Bizkaia) Carmelo Muguruza Pradas, un vasco representativo de una dura \u00e9poca en Euskadi. Hijo de Gerardo Muguruza, administrador de la Misericordia de Bilbao que monopolizaba en la \u00e9poca diversos servicios, entre ellos el de la funeraria, estudi\u00f3 Comercio y Contabilidad. La &hellip; <a href=\"https:\/\/blogs.deia.eus\/anasagasti\/2013\/12\/27\/carmelo-muguruza-un-bilbaino-que-tuvo-que-vivir-en-venezuela\/\" class=\"more-link\">Sigue leyendo <span class=\"screen-reader-text\">Carmelo Muguruza, un bilbaino  que tuvo que vivir en Venezuela.<\/span><\/a><!-- AddThis Advanced Settings generic via filter on get_the_excerpt --><!-- AddThis Share Buttons generic via filter on get_the_excerpt --><\/p>\n","protected":false},"author":19,"featured_media":0,"comment_status":"open","ping_status":"open","sticky":false,"template":"","format":"standard","meta":{"footnotes":""},"categories":[1],"tags":[],"class_list":["post-4717","post","type-post","status-publish","format-standard","hentry","category-general"],"_links":{"self":[{"href":"https:\/\/blogs.deia.eus\/anasagasti\/wp-json\/wp\/v2\/posts\/4717","targetHints":{"allow":["GET"]}}],"collection":[{"href":"https:\/\/blogs.deia.eus\/anasagasti\/wp-json\/wp\/v2\/posts"}],"about":[{"href":"https:\/\/blogs.deia.eus\/anasagasti\/wp-json\/wp\/v2\/types\/post"}],"author":[{"embeddable":true,"href":"https:\/\/blogs.deia.eus\/anasagasti\/wp-json\/wp\/v2\/users\/19"}],"replies":[{"embeddable":true,"href":"https:\/\/blogs.deia.eus\/anasagasti\/wp-json\/wp\/v2\/comments?post=4717"}],"version-history":[{"count":2,"href":"https:\/\/blogs.deia.eus\/anasagasti\/wp-json\/wp\/v2\/posts\/4717\/revisions"}],"predecessor-version":[{"id":4719,"href":"https:\/\/blogs.deia.eus\/anasagasti\/wp-json\/wp\/v2\/posts\/4717\/revisions\/4719"}],"wp:attachment":[{"href":"https:\/\/blogs.deia.eus\/anasagasti\/wp-json\/wp\/v2\/media?parent=4717"}],"wp:term":[{"taxonomy":"category","embeddable":true,"href":"https:\/\/blogs.deia.eus\/anasagasti\/wp-json\/wp\/v2\/categories?post=4717"},{"taxonomy":"post_tag","embeddable":true,"href":"https:\/\/blogs.deia.eus\/anasagasti\/wp-json\/wp\/v2\/tags?post=4717"}],"curies":[{"name":"wp","href":"https:\/\/api.w.org\/{rel}","templated":true}]}}