{"id":4724,"date":"2013-12-29T22:21:32","date_gmt":"2013-12-29T20:21:32","guid":{"rendered":"http:\/\/blogs.deia.com\/anasagasti\/?p=4724"},"modified":"2013-12-29T22:21:32","modified_gmt":"2013-12-29T20:21:32","slug":"reacciones","status":"publish","type":"post","link":"https:\/\/blogs.deia.eus\/anasagasti\/2013\/12\/29\/reacciones\/","title":{"rendered":"Reacciones"},"content":{"rendered":"<p><b>Domingo 29 de diciembre de 2013<\/b><b><\/b><\/p>\n<p>Es normal que a pesar de las fechas que vivimos el comunicado sobre la situaci\u00f3n de los presos haya causado tomas de postura e importantes reacciones. Las mismas fotograf\u00edan el punto en el que nos encontramos.<\/p>\n<p>Tanto el Gobierno Vasco como el PNV y el PSE han dicho que es un paso importante, que todav\u00eda quedan muchas m\u00e1s, que se siga por ese camino y que piensen que lo que no hagan unilateralmente ellos no lo har\u00e1 nadie.<\/p>\n<p>En Bildu ha salido Pernando Barrena, un se\u00f1or que hac\u00eda las valoraciones cuando ETA mataba. Para m\u00ed este caballero no tiene la menor credibilidad. Hace mal Bildu manteniendo a este p\u00e9simo portavoz que sigue fuera de la realidad en lo que dice y que adem\u00e1s nos recuerda muy malos tiempos pasados.<\/p>\n<p>Badiola en nombre de EA ha valorado el comunicado como si fuera de Bildu. EA \u00faltimamente no tiene discurso propio y hasta ha abdicado de Euzkadi para meternos hasta en la sopa ese nombre permitido durante el franquismo como Euskal Herria.<\/p>\n<p>Aralar correcto, pero sin matices.<\/p>\n<p>El PP en boca de Oyarzabal lamentable. Se jacta de la dispersi\u00f3n de los presos y dice que este tema no se tocar\u00e1 mientras exista ETA. Esta gente no se ha enterado que la propia Constituci\u00f3n habla de la c\u00e1rcel con criterios de reeducaci\u00f3n y reinserci\u00f3n, no de venganza.<\/p>\n<p>Y finalmente Gorka Maneiro de UPyD, parece un disco rayado. Lo suyo es el unilateralismo, el castigo, el discurso monocorde \u00fanico, la condena sin matices, lo espa\u00f1ol en bruto. Una pena,<\/p>\n<p>&nbsp;<\/p>\n<!-- AddThis Advanced Settings generic via filter on the_content --><!-- AddThis Share Buttons generic via filter on the_content -->","protected":false},"excerpt":{"rendered":"<p>Domingo 29 de diciembre de 2013 Es normal que a pesar de las fechas que vivimos el comunicado sobre la situaci\u00f3n de los presos haya causado tomas de postura e importantes reacciones. Las mismas fotograf\u00edan el punto en el que nos encontramos. Tanto el Gobierno Vasco como el PNV y el PSE han dicho que &hellip; <a href=\"https:\/\/blogs.deia.eus\/anasagasti\/2013\/12\/29\/reacciones\/\" class=\"more-link\">Sigue leyendo <span class=\"screen-reader-text\">Reacciones<\/span><\/a><!-- AddThis Advanced Settings generic via filter on get_the_excerpt --><!-- AddThis Share Buttons generic via filter on get_the_excerpt --><\/p>\n","protected":false},"author":19,"featured_media":0,"comment_status":"open","ping_status":"open","sticky":false,"template":"","format":"standard","meta":{"footnotes":""},"categories":[1],"tags":[],"class_list":["post-4724","post","type-post","status-publish","format-standard","hentry","category-general"],"_links":{"self":[{"href":"https:\/\/blogs.deia.eus\/anasagasti\/wp-json\/wp\/v2\/posts\/4724","targetHints":{"allow":["GET"]}}],"collection":[{"href":"https:\/\/blogs.deia.eus\/anasagasti\/wp-json\/wp\/v2\/posts"}],"about":[{"href":"https:\/\/blogs.deia.eus\/anasagasti\/wp-json\/wp\/v2\/types\/post"}],"author":[{"embeddable":true,"href":"https:\/\/blogs.deia.eus\/anasagasti\/wp-json\/wp\/v2\/users\/19"}],"replies":[{"embeddable":true,"href":"https:\/\/blogs.deia.eus\/anasagasti\/wp-json\/wp\/v2\/comments?post=4724"}],"version-history":[{"count":2,"href":"https:\/\/blogs.deia.eus\/anasagasti\/wp-json\/wp\/v2\/posts\/4724\/revisions"}],"predecessor-version":[{"id":4726,"href":"https:\/\/blogs.deia.eus\/anasagasti\/wp-json\/wp\/v2\/posts\/4724\/revisions\/4726"}],"wp:attachment":[{"href":"https:\/\/blogs.deia.eus\/anasagasti\/wp-json\/wp\/v2\/media?parent=4724"}],"wp:term":[{"taxonomy":"category","embeddable":true,"href":"https:\/\/blogs.deia.eus\/anasagasti\/wp-json\/wp\/v2\/categories?post=4724"},{"taxonomy":"post_tag","embeddable":true,"href":"https:\/\/blogs.deia.eus\/anasagasti\/wp-json\/wp\/v2\/tags?post=4724"}],"curies":[{"name":"wp","href":"https:\/\/api.w.org\/{rel}","templated":true}]}}