{"id":4727,"date":"2013-12-30T23:03:41","date_gmt":"2013-12-30T21:03:41","guid":{"rendered":"http:\/\/blogs.deia.com\/anasagasti\/?p=4727"},"modified":"2013-12-30T23:03:41","modified_gmt":"2013-12-30T21:03:41","slug":"espana-circunscripcion-unica","status":"publish","type":"post","link":"https:\/\/blogs.deia.eus\/anasagasti\/2013\/12\/30\/espana-circunscripcion-unica\/","title":{"rendered":"Espa\u00f1a, Circunscripci\u00f3n \u00fanica"},"content":{"rendered":"<p><b>Lunes 30 de diciembre de 2013<\/b><b><\/b><\/p>\n<p>Escuch\u00e9 una vez la historia de un concejal muy servicial que andaba de un lado para otro. Y lo que le sucedi\u00f3 en un debate municipal en el que se interpelaba acaloradamente a un funcionario de la alcald\u00eda debido a que un sector de la poblaci\u00f3n no recib\u00eda agua potable desde hac\u00eda alg\u00fan tiempo. \u00c9ste funcionario argumentaba que la poblaci\u00f3n sin agua estaba en un alto y la ley de la gravedad imped\u00eda que las bombas empujaran para que el agua subiera a lo m\u00e1s alto del barrio. Tras esta explicaci\u00f3n nuestro concejal pidi\u00f3 la palabra y muy serio les dijo: \u00abSi el problema es la ley de la gravedad, esa ley deber\u00eda derogarse y se solucionaba el problema\u00bb.<\/p>\n<p>No sab\u00eda nuestro buen hombre que la ley de la gravedad no puede derogarse, aunque s\u00ed la ley electoral espa\u00f1ola, aunque esta sea m\u00e1s dif\u00edcil de modificar que la citada ley de la gravedad. Y les cuento porqu\u00e9.<\/p>\n<p>El pr\u00f3ximo 25 de mayo se celebrar\u00e1n elecciones al Parlamento Europeo para elegir 766\u00a0\u00a0 eurodiputados. En Espa\u00f1a la circunscripci\u00f3n electoral es todo el estado, pues no hay circunscripciones auton\u00f3micas. Y como hacemos todos los a\u00f1os, le preguntamos al gobierno de Rajoy cuando cambiar\u00e1 ley tan uniformizadora en un estado que se jacta de auton\u00f3mico. La \u00faltima vez nos contest\u00f3 P\u00e9rez Rubalcaba que era el ministro del interior de Zapatero. El martes 17 de diciembre, nos content\u00f3 Jorge Fern\u00e1ndez que es el actual ministro del Interior. Y tanto el PSOE, como el PP, siempre contestan lo mismo. Ya lo dec\u00eda Pla, \u00ablo m\u00e1s parecido a un espa\u00f1ol de derechas, es un espa\u00f1ol de izquierdas\u00bb.<\/p>\n<p>Jorge Fern\u00e1ndez nos dijo: \u201cNo es voluntad, del gobierno plantear ninguna iniciativa para modificar esta circunscripci\u00f3n\u00bb. Parec\u00eda una advertencia de El Padrino.<\/p>\n<p>Le replicamos que donde quedaba Espa\u00f1a como exportadora de un estado auton\u00f3mico gloria y prez de la humanidad y que si uno echaba la vista por Europa se encontraba con que en Gran Breta\u00f1a hab\u00eda cuatro circunscripciones (Inglaterra, Gales, Escocia e Irlanda del Norte), B\u00e9lgica tiene otras cuatro (Flandes, Valonia, Bruselas y los germanos hablantes). Pero es que adem\u00e1s Italia tiene cinco (noroeste, nordeste, centro, sur e islas). Irlanda tiene cuatro (Dubl\u00edn, Munster, Leinster y Ulster). Finlandia otras cuatro y, nada menos que la superjacobina Francia, tiene siete (Sudoeste, sudeste, macizo central, este, oeste, noroeste y Par\u00eds)\u2026<\/p>\n<p>Puestos los ejemplos de otros pa\u00edses le recordamos que si se quiere luchar contra una posible y elevada abstenci\u00f3n hay que acercar la votaci\u00f3n al pueblo que puede estar tentado en pensar que en estas elecciones no se juega nada y le da por abstenerse o hacer experimentos con champ\u00e1n votando marginalidades, partidos gamberros o a grupos euroesc\u00e9pticos en protesta por la crisis que est\u00e1 sufriendo. Y le record\u00e1bamos adem\u00e1s que los partidos de nacionalidades como los vascos, los catalanes y los gallegos estamos penalizados porque en unas elecciones de tan amplio \u00e1mbito de actuaci\u00f3n no hay manera de poder presentar observadores en cada mesa habi\u00e9ndose dado el hecho, como se dio en las elecciones de 2004, que el eurodiputado gallego\u00a0 del Bloque Camilo Nogueira no sali\u00f3 elegido porque sus votos fueron echados a la basura en numero\u00adsas mesas o atribuidos a otros, en la mayor\u00eda de otras mesas, ante la incapacidad de que hubiera alg\u00fan observador para impedirlo. \u00bfQui\u00e9n nos dice que en el Madrid de los Austrias o en Quintanilla de On\u00e9simo ante unas papeletas con el nombre de \u00abNacionalistas para Europa\u00bb no vayan directamente a la papelera?. Y eso ha ocurrido m\u00e1s de una vez. Con una circunscripci\u00f3n auton\u00f3mica eso no pasar\u00eda. Aquel a\u00f1o 2004 de la candidatura \u201cGaleusca-Pueblos de Europa\u201d salieron elegidos Ignasi Guardans (CiU) y Josu Ortuondo (PNV). Al candidato del BNG Carmelo Nogueira, le robaron el esca\u00f1o. Ah\u00ed queda el dato. No pudimos hacer nada. Se lo qued\u00f3 el PP.<\/p>\n<p>Ante esto la respuesta del ministro fue la siguiente: \u201cEvidentemente una ley org\u00e1nica se puede modificar, pero la ley electoral no es una ley m\u00e1s y por tanto es razonable que se modifique, en su caso, con el consenso ne\u00adcesario para garantizar que las reglas del juego se respeten\u00bb. Es decir, las reglas del juego que le interesan al PP y al PSOE.<\/p>\n<p>\u00bfAlguien piensa que lo que llaman en Madrid \u00abel desaf\u00edo catal\u00e1n\u00bb se vaya\u00a0 a abordar con semejante mentalidad?. \u00bfAlguien cree que les preocupa algo la situaci\u00f3n de Trevi\u00f1o f\u00e1cilmente solucionable con un poco de buena voluntad?. \u00bfAlguien cree que en la Villa y Corte se abordan los problemas con inter\u00e9s de solucionarlos?.<\/p>\n<p>\u00c9sta sigue siendo la mentalidad auton\u00f3mica espa\u00f1oIa. Lo que hizo Su\u00e1rez fue para ellos una pasada, el concierto econ\u00f3mico es un privilegio, el estado auton\u00f3mico no se sostiene, quien ose convocar un refer\u00e9ndum se queda sin autonom\u00eda, Espana es una e indivisible y adem\u00e1s patria com\u00fan quieraslo o no lo quieras. Y en cuanto a las elecciones europeas, circunscripci\u00f3n \u00fanica a pesar de ser un estado auton\u00f3mico. Si no quieres taza, taza y media. Aqu\u00ed la ley de la gravedad no puede derogarse.<\/p>\n<p><b>Pulgarcito en Bruselas<\/b><\/p>\n<p>Desde el Aberri Eguna de 1932 con el lema Euzkadi-Europa, pasando por el cuadro de honor de la creaci\u00f3n de los Nuevos Equipos Internacionales en Chaud Fontaine (B\u00e9lgica) en 1947 con Aguirre y Landaburu, la presencia en el Equipo Dem\u00f3crata Cristiano del Estado espa\u00f1ol, hasta las ponencias aprobadas en Iru\u00f1a en 1977 hablando de un futuro europeo, el PNV ha trabajado como nadie esta apuesta multinacional. En 1986, tras la entrada del estado espa\u00f1ol en la Uni\u00f3n Europea tuvimos dos eurodiputados por cooptaci\u00f3n (Monforte y Gangoiti) y una dolorosa p\u00e9rdida en 1987 por la divisi\u00f3n del PNV. Nuevamente recuperamos presencia con la elecci\u00f3n de Josu Jon Imaz, de Josu Ortuondo y en la presente legislatura de Izaskun Bilbao. Y hemos pasado de estar adscritos en el Partido Popular europeo hasta la patada en Chile en el a\u00f1o 2000, al Grupo Adle de Liberales y Dem\u00f3cratas Europeos cuya plataforma de 83 eurodiputados nos hace llegar donde solos no llegar\u00edamos nunca en funci\u00f3n de nuestro tama\u00f1o.<\/p>\n<p>Estuve hace poco en Bruselas en la sede del Parlamento Europeo y los escasos metros cuadrados de oficina que tienen Izaskun como eurodiputada, Jon Goikoelea como director de comunicaci\u00f3n e Itxaso Mu\u00f1oa en la secretar\u00eda, echaban humo. Solo ellos son un grupo parlamentario. Son el n\u00facleo m\u00e1s peque\u00f1o pero el m\u00e1s activo del parlamento Europeo siendo Izaskun Bilbao ponente o titular o suplente en 15 informes,\u00a0 con 325 preguntas formuladas, unas 2.400 enmiendas presentadas en 60 informes, an\u00e1lisis de dos informes al mes que equivalen a 60 iniciativas en lo que va de legislatura opinando sobre lo divino y humano, 399 intervenciones en pleno, 200 propuestas de resoluci\u00f3n\u00a0 y un blog donde se recoge esta mareante actividad, que muchas veces se desconoce porque la mayor\u00eda piensa que lo europeo es algo lejano y extra\u00f1o. Pues no. M\u00e1s del 73% de la legislaci\u00f3n europea nos afecta en nuestro\u00a0 d\u00eda a d\u00eda. Y quien piense lo contrario ah\u00ed van nombres que recuerdan algo. Erasmus, Doctrina Parot, Pesca, Agenda Digital, fronteras, construcci\u00f3n naval, Mercado \u00fanico, redes ferroviarias, Uni\u00f3n Bancaria \u2026 y ahora hasta el Athletic. Como para no estar donde se cuece este bacalo ante las emergentes China, India, Pac\u00edfico y unos Estados Unidos con los que se pactar\u00e1 un acuerdo comercial el a\u00f1o que viene.<\/p>\n<p>Y es que adem\u00e1s se elige un presidente\/a. Los socialistas ya tienen su cabeza de lista. Ser\u00e1 el actual presidente del Parlamento Europeo Martin Schultz. Los Liberal Dem\u00f3cratas presentar\u00e1 posiblemente a Guy Verhofsdt que personifica la visi\u00f3n m\u00e1s federalista de la Euroc\u00e1mara. Fue primer ministro belga y su libro m\u00e1s reciente, \u201cPor Europa\u201d lo ha escrito conjuntamente con el Verde Daniel Cohn Bendit y es un llamamiento a la Uni\u00f3n pol\u00edtica sin atenuantes.<\/p>\n<p>Las elecciones al Parlamento Europeo de 2014 ser\u00e1n las primeras que se celebren de conformidad con el Tratado de Lisboa que refuerza el papel de los ciudadanos como protagonistas pol\u00edticos de la UE. El Tratado tambi\u00e9n refuerza los Poderes del Parlamento Europeo consolidando su papel como colegislador y dot\u00e1ndole de responsabilidad adicional ya que elige al presidente\/a de la Comisi\u00f3n sobre la base de una propuesta del Consejo Europeo, teniendo en cuenta los resultados de las elecciones europeas.<\/p>\n<p>Y ah\u00ed estaremos, con nuestra mochila llena, con un programa a ras de suelo, inmersos en una coalici\u00f3n electoral y con la marca de f\u00e1brica de un partido que siempre ha luchado por encajar Euzkadi en Europa. A m\u00e1s Europa, m\u00e1s Euzkadi.<\/p>\n<p>Una pena que la ley electoral espa\u00f1ola desconozca al estado auton\u00f3mico y que su ley electoral sea como la ley de la gravedad. Inamovible.<\/p>\n<!-- AddThis Advanced Settings generic via filter on the_content --><!-- AddThis Share Buttons generic via filter on the_content -->","protected":false},"excerpt":{"rendered":"<p>Lunes 30 de diciembre de 2013 Escuch\u00e9 una vez la historia de un concejal muy servicial que andaba de un lado para otro. Y lo que le sucedi\u00f3 en un debate municipal en el que se interpelaba acaloradamente a un funcionario de la alcald\u00eda debido a que un sector de la poblaci\u00f3n no recib\u00eda agua &hellip; <a href=\"https:\/\/blogs.deia.eus\/anasagasti\/2013\/12\/30\/espana-circunscripcion-unica\/\" class=\"more-link\">Sigue leyendo <span class=\"screen-reader-text\">Espa\u00f1a, Circunscripci\u00f3n \u00fanica<\/span><\/a><!-- AddThis Advanced Settings generic via filter on get_the_excerpt --><!-- AddThis Share Buttons generic via filter on get_the_excerpt --><\/p>\n","protected":false},"author":19,"featured_media":0,"comment_status":"open","ping_status":"open","sticky":false,"template":"","format":"standard","meta":{"footnotes":""},"categories":[1],"tags":[],"class_list":["post-4727","post","type-post","status-publish","format-standard","hentry","category-general"],"_links":{"self":[{"href":"https:\/\/blogs.deia.eus\/anasagasti\/wp-json\/wp\/v2\/posts\/4727","targetHints":{"allow":["GET"]}}],"collection":[{"href":"https:\/\/blogs.deia.eus\/anasagasti\/wp-json\/wp\/v2\/posts"}],"about":[{"href":"https:\/\/blogs.deia.eus\/anasagasti\/wp-json\/wp\/v2\/types\/post"}],"author":[{"embeddable":true,"href":"https:\/\/blogs.deia.eus\/anasagasti\/wp-json\/wp\/v2\/users\/19"}],"replies":[{"embeddable":true,"href":"https:\/\/blogs.deia.eus\/anasagasti\/wp-json\/wp\/v2\/comments?post=4727"}],"version-history":[{"count":2,"href":"https:\/\/blogs.deia.eus\/anasagasti\/wp-json\/wp\/v2\/posts\/4727\/revisions"}],"predecessor-version":[{"id":4729,"href":"https:\/\/blogs.deia.eus\/anasagasti\/wp-json\/wp\/v2\/posts\/4727\/revisions\/4729"}],"wp:attachment":[{"href":"https:\/\/blogs.deia.eus\/anasagasti\/wp-json\/wp\/v2\/media?parent=4727"}],"wp:term":[{"taxonomy":"category","embeddable":true,"href":"https:\/\/blogs.deia.eus\/anasagasti\/wp-json\/wp\/v2\/categories?post=4727"},{"taxonomy":"post_tag","embeddable":true,"href":"https:\/\/blogs.deia.eus\/anasagasti\/wp-json\/wp\/v2\/tags?post=4727"}],"curies":[{"name":"wp","href":"https:\/\/api.w.org\/{rel}","templated":true}]}}