{"id":4730,"date":"2014-01-04T22:46:25","date_gmt":"2014-01-04T20:46:25","guid":{"rendered":"http:\/\/blogs.deia.com\/anasagasti\/?p=4730"},"modified":"2014-01-04T22:46:25","modified_gmt":"2014-01-04T20:46:25","slug":"el-martirio-son-ustedes","status":"publish","type":"post","link":"https:\/\/blogs.deia.eus\/anasagasti\/2014\/01\/04\/el-martirio-son-ustedes\/","title":{"rendered":"El martirio son ustedes"},"content":{"rendered":"<p><b>S\u00e1bado 4 de enero de 2013<\/b><\/p>\n<p>No ha dejado de ser curioso que este s\u00e1bado haya salido en los medios de comunicaci\u00f3n una entrevista con el Jefe de la Casa Real, Rafa\u00e9l Spottorno. Curioso porque este personaje inalcanzable es de los que no responden a entrevistas y sin embargo este s\u00e1bado se ha sometido a una de ellas.<\/p>\n<p>Los medios han destacado que para ellos (el se inclu\u00eda como miembro de la Casa Real) toda la instrucci\u00f3n del caso Urdangarin\u00a0 ha sido un Martirio. \u00bfY para los dem\u00e1s el hecho de que la pareja se haya dedicado a robar dinero p\u00fablico?. \u00bfNo es esto otro Martirio?. \u00bfA qu\u00e9 viene \u00e9sto?.<\/p>\n<p>Muy sencillo. Est\u00e1 a punto de decidir el juez Castro si Cristina de Borb\u00f3n, la gran enchufada de la Caixa, va a ser imputada o no. Yo creo que no porque al pobre juez le est\u00e1n sometiendo a unas presiones insoportables y esta aparici\u00f3n fantasmag\u00f3rica no ha sido m\u00e1s que una de ellas.<\/p>\n<p>Dijo el rey que la \u201cjusticia es igual para todos\u201d. Mentiroso y mala gente porque el rey est\u00e1 haciendo lo indecible para que su hija, amiga de lo ajeno, no sea imputada en el caso que procesa a su yerno. De campechano este rey no\u00a0 tiene nada. De presionador\u00a0 todo. Al Capone, en comparaci\u00f3n con \u00e9l, una ursulina.<\/p>\n<p>Esta monarqu\u00eda espa\u00f1ola est\u00e1 corrompida hasta las cachas y el utilizar estos medios para presionar a un juez no son de recibo en una democracia sana.<\/p>\n<!-- AddThis Advanced Settings generic via filter on the_content --><!-- AddThis Share Buttons generic via filter on the_content -->","protected":false},"excerpt":{"rendered":"<p>S\u00e1bado 4 de enero de 2013 No ha dejado de ser curioso que este s\u00e1bado haya salido en los medios de comunicaci\u00f3n una entrevista con el Jefe de la Casa Real, Rafa\u00e9l Spottorno. Curioso porque este personaje inalcanzable es de los que no responden a entrevistas y sin embargo este s\u00e1bado se ha sometido a &hellip; <a href=\"https:\/\/blogs.deia.eus\/anasagasti\/2014\/01\/04\/el-martirio-son-ustedes\/\" class=\"more-link\">Sigue leyendo <span class=\"screen-reader-text\">El martirio son ustedes<\/span><\/a><!-- AddThis Advanced Settings generic via filter on get_the_excerpt --><!-- AddThis Share Buttons generic via filter on get_the_excerpt --><\/p>\n","protected":false},"author":19,"featured_media":0,"comment_status":"open","ping_status":"open","sticky":false,"template":"","format":"standard","meta":{"footnotes":""},"categories":[1],"tags":[],"class_list":["post-4730","post","type-post","status-publish","format-standard","hentry","category-general"],"_links":{"self":[{"href":"https:\/\/blogs.deia.eus\/anasagasti\/wp-json\/wp\/v2\/posts\/4730","targetHints":{"allow":["GET"]}}],"collection":[{"href":"https:\/\/blogs.deia.eus\/anasagasti\/wp-json\/wp\/v2\/posts"}],"about":[{"href":"https:\/\/blogs.deia.eus\/anasagasti\/wp-json\/wp\/v2\/types\/post"}],"author":[{"embeddable":true,"href":"https:\/\/blogs.deia.eus\/anasagasti\/wp-json\/wp\/v2\/users\/19"}],"replies":[{"embeddable":true,"href":"https:\/\/blogs.deia.eus\/anasagasti\/wp-json\/wp\/v2\/comments?post=4730"}],"version-history":[{"count":0,"href":"https:\/\/blogs.deia.eus\/anasagasti\/wp-json\/wp\/v2\/posts\/4730\/revisions"}],"wp:attachment":[{"href":"https:\/\/blogs.deia.eus\/anasagasti\/wp-json\/wp\/v2\/media?parent=4730"}],"wp:term":[{"taxonomy":"category","embeddable":true,"href":"https:\/\/blogs.deia.eus\/anasagasti\/wp-json\/wp\/v2\/categories?post=4730"},{"taxonomy":"post_tag","embeddable":true,"href":"https:\/\/blogs.deia.eus\/anasagasti\/wp-json\/wp\/v2\/tags?post=4730"}],"curies":[{"name":"wp","href":"https:\/\/api.w.org\/{rel}","templated":true}]}}