{"id":4731,"date":"2014-01-11T22:18:12","date_gmt":"2014-01-11T20:18:12","guid":{"rendered":"http:\/\/blogs.deia.com\/anasagasti\/?p=4731"},"modified":"2014-01-11T22:18:12","modified_gmt":"2014-01-11T20:18:12","slug":"a-que-espera-isidro-faine-para-cesar-a-cristina-de-borbon","status":"publish","type":"post","link":"https:\/\/blogs.deia.eus\/anasagasti\/2014\/01\/11\/a-que-espera-isidro-faine-para-cesar-a-cristina-de-borbon\/","title":{"rendered":"\u00bfA qu\u00e9 espera Isidro Faine para cesar a Cristina de Borb\u00f3n?"},"content":{"rendered":"<p><b>S\u00e1bado 11 de enero de 2014<\/b><\/p>\n<p>El diario parisino Le Parisi\u00e9n publicaba este t\u00edtulo\u00bb Juan Carlos debe abdicar\u00bb. El periodista Stephane Bernie, el mejor especialista en Francia de las realezas europeas escrib\u00eda que no deb\u00eda acabar como Luis XVI pero \u00abes un fin espantoso de reinado espantoso, la Monarqu\u00eda vive una crisis sin precedentes. Juan Carlos ya no tiene el cr\u00e9dito necesario para encarnar la instituci\u00f3n, ni siquiera la fuerza\u00bb argumentaba Bern para Le Monde, \u00abla nueva imputaci\u00f3n de la Infanta Cristina debilita aun m\u00e1s al rey de Espa\u00f1a\u201d. \u201cLa Justicia atrapa a la Infanta de Espa\u00f1a titul\u00f3 Le F\u00edgaro.<\/p>\n<p>En Suiza, el corresponsal en Ginebra del semanario franc\u00e9s Le Point public\u00f3 una cr\u00f3nica titulada \u00abla Infanta Cristina no es bienvenida en Suiza\u00bb. \u00abEsta animosidad hacia la hija del rey de Espa\u00f1a se manifest\u00f3 desde su llegada a orillas del lago Leman\u00bb escribe al recordar que la prensa local revel\u00f3 que los municipales explicaron a sus guardaespaldas que \u00abno pod\u00edan dejar su BMW negro aparcado todo el d\u00eda en el mismo sitio\u00bb.<\/p>\n<p>Y as\u00ed como es evidente que hasta la polic\u00eda municipal de Ginebra cuestione a la pareja, no sabemos por qu\u00e9 Isidro Fain\u00e9 la sigue protegiendo en contra del c\u00f3digo deontol\u00f3gico de La Caixa. Una se\u00f1ora imputada dos veces deber\u00eda seguir los pasos que Telef\u00f3nica dio a su marido en Washington, es decir cesarla. Por una de estas dos razones. Si es culpable, la explicaci\u00f3n es obvia. Y si no se enteraba, \u00bfc\u00f3mo La Caixa puede tener a su servicio a semejante inepta?. Para pagarle el sueldo y que estacione el BMW en lugar impropio en Ginebra?. \u00bfCu\u00e1nto le cuesta a La Caixa el sueldo de ella y de sus 12 guardaespaldas?.<\/p>\n<p>La Catalunya soberana y su credibilidad no puede tener a una se\u00f1ora imputada de este calibre\u00a0 viviendo a cuenta de los catalanes. Que le pague su padre, gran culpable de esta situaci\u00f3n, ya que las Cortes Generales le dan un buen pellizco para ello, pero que esta se\u00f1ora tan distra\u00edda no siga empa\u00f1ando la imagen de una instituci\u00f3n seria y solvente como La Caixa. \u00bfO vale todo?<\/p>\n<p>&nbsp;<\/p>\n<!-- AddThis Advanced Settings generic via filter on the_content --><!-- AddThis Share Buttons generic via filter on the_content -->","protected":false},"excerpt":{"rendered":"<p>S\u00e1bado 11 de enero de 2014 El diario parisino Le Parisi\u00e9n publicaba este t\u00edtulo\u00bb Juan Carlos debe abdicar\u00bb. El periodista Stephane Bernie, el mejor especialista en Francia de las realezas europeas escrib\u00eda que no deb\u00eda acabar como Luis XVI pero \u00abes un fin espantoso de reinado espantoso, la Monarqu\u00eda vive una crisis sin precedentes. Juan &hellip; <a href=\"https:\/\/blogs.deia.eus\/anasagasti\/2014\/01\/11\/a-que-espera-isidro-faine-para-cesar-a-cristina-de-borbon\/\" class=\"more-link\">Sigue leyendo <span class=\"screen-reader-text\">\u00bfA qu\u00e9 espera Isidro Faine para cesar a Cristina de Borb\u00f3n?<\/span><\/a><!-- AddThis Advanced Settings generic via filter on get_the_excerpt --><!-- AddThis Share Buttons generic via filter on get_the_excerpt --><\/p>\n","protected":false},"author":19,"featured_media":0,"comment_status":"open","ping_status":"open","sticky":false,"template":"","format":"standard","meta":{"footnotes":""},"categories":[1],"tags":[],"class_list":["post-4731","post","type-post","status-publish","format-standard","hentry","category-general"],"_links":{"self":[{"href":"https:\/\/blogs.deia.eus\/anasagasti\/wp-json\/wp\/v2\/posts\/4731","targetHints":{"allow":["GET"]}}],"collection":[{"href":"https:\/\/blogs.deia.eus\/anasagasti\/wp-json\/wp\/v2\/posts"}],"about":[{"href":"https:\/\/blogs.deia.eus\/anasagasti\/wp-json\/wp\/v2\/types\/post"}],"author":[{"embeddable":true,"href":"https:\/\/blogs.deia.eus\/anasagasti\/wp-json\/wp\/v2\/users\/19"}],"replies":[{"embeddable":true,"href":"https:\/\/blogs.deia.eus\/anasagasti\/wp-json\/wp\/v2\/comments?post=4731"}],"version-history":[{"count":3,"href":"https:\/\/blogs.deia.eus\/anasagasti\/wp-json\/wp\/v2\/posts\/4731\/revisions"}],"predecessor-version":[{"id":4734,"href":"https:\/\/blogs.deia.eus\/anasagasti\/wp-json\/wp\/v2\/posts\/4731\/revisions\/4734"}],"wp:attachment":[{"href":"https:\/\/blogs.deia.eus\/anasagasti\/wp-json\/wp\/v2\/media?parent=4731"}],"wp:term":[{"taxonomy":"category","embeddable":true,"href":"https:\/\/blogs.deia.eus\/anasagasti\/wp-json\/wp\/v2\/categories?post=4731"},{"taxonomy":"post_tag","embeddable":true,"href":"https:\/\/blogs.deia.eus\/anasagasti\/wp-json\/wp\/v2\/tags?post=4731"}],"curies":[{"name":"wp","href":"https:\/\/api.w.org\/{rel}","templated":true}]}}