{"id":4735,"date":"2014-01-17T21:33:37","date_gmt":"2014-01-17T19:33:37","guid":{"rendered":"http:\/\/blogs.deia.com\/anasagasti\/?p=4735"},"modified":"2014-01-17T21:33:37","modified_gmt":"2014-01-17T19:33:37","slug":"un-buen-debate-en-radio-euzkadi","status":"publish","type":"post","link":"https:\/\/blogs.deia.eus\/anasagasti\/2014\/01\/17\/un-buen-debate-en-radio-euzkadi\/","title":{"rendered":"Un buen debate en Radio Euzkadi"},"content":{"rendered":"<h3>Viernes 18 de enero de 2014<\/h3>\n<p>Ha habido hoy viernes un buen debate en Radio Euzkadi. De las nueve de la ma\u00f1ana a casi las diez, dos figuras importantes de la pol\u00edtica vasca, el Lehendakari Jos\u00e9 Antonio Ardanza y quien fuera su vicelehendakari, Ram\u00f3n Jauregui han reflexionado sobre la situaci\u00f3n pol\u00edtica actual al cumplirse 25 a\u00f1os de las llamadas \u00abconversaciones de Argel\u00bb.<\/p>\n<p>Ha sido un acierto poner a estas dos figuras a reflexionar sobre el pasado y de como se ha llegado a la situaci\u00f3n actual, pasa sacar conclusiones de lo que en el futuro se puede hacer.<\/p>\n<p>Ram\u00f3n Jauregui que vive en Madrid comentaba como le insultan a veces con la palabra \u201ctraidor\u201d, cuando en Euzkadi actualmente la situaci\u00f3n es de una normalidad absoluta y de c\u00f3mo en Madrid incomprensiblemente, quieren vender la especie de que ETA ha ganado cuando ha sido derrotada.<\/p>\n<p>Ardanza por su parte ha analizado como se lleg\u00f3 al Pacto de Ajuria Enea, como ETA perdi\u00f3 todas las oportunidades al tratar de introducir discusi\u00f3n pol\u00edtica en sus negociaciones y de como el PP deber\u00eda actuar con pinzas en este momento y no con trazo grueso.<\/p>\n<p>Un buen debate pedag\u00f3gico por las personalidades en liza, por el respeto mutuo, por la experiencia acumulada y porque no son solo los actuales dirigentes en punta los que tienen algo que decir en este momento sino que la experiencia no solo es un grado sino deber\u00eda ser algo a tener muy en cuenta. \u00a1Zorionak!!!<\/p>\n<p>&nbsp;<\/p>\n<!-- AddThis Advanced Settings generic via filter on the_content --><!-- AddThis Share Buttons generic via filter on the_content -->","protected":false},"excerpt":{"rendered":"<p>Viernes 18 de enero de 2014 Ha habido hoy viernes un buen debate en Radio Euzkadi. De las nueve de la ma\u00f1ana a casi las diez, dos figuras importantes de la pol\u00edtica vasca, el Lehendakari Jos\u00e9 Antonio Ardanza y quien fuera su vicelehendakari, Ram\u00f3n Jauregui han reflexionado sobre la situaci\u00f3n pol\u00edtica actual al cumplirse 25 &hellip; <a href=\"https:\/\/blogs.deia.eus\/anasagasti\/2014\/01\/17\/un-buen-debate-en-radio-euzkadi\/\" class=\"more-link\">Sigue leyendo <span class=\"screen-reader-text\">Un buen debate en Radio Euzkadi<\/span><\/a><!-- AddThis Advanced Settings generic via filter on get_the_excerpt --><!-- AddThis Share Buttons generic via filter on get_the_excerpt --><\/p>\n","protected":false},"author":19,"featured_media":0,"comment_status":"open","ping_status":"open","sticky":false,"template":"","format":"standard","meta":{"footnotes":""},"categories":[1],"tags":[],"class_list":["post-4735","post","type-post","status-publish","format-standard","hentry","category-general"],"_links":{"self":[{"href":"https:\/\/blogs.deia.eus\/anasagasti\/wp-json\/wp\/v2\/posts\/4735","targetHints":{"allow":["GET"]}}],"collection":[{"href":"https:\/\/blogs.deia.eus\/anasagasti\/wp-json\/wp\/v2\/posts"}],"about":[{"href":"https:\/\/blogs.deia.eus\/anasagasti\/wp-json\/wp\/v2\/types\/post"}],"author":[{"embeddable":true,"href":"https:\/\/blogs.deia.eus\/anasagasti\/wp-json\/wp\/v2\/users\/19"}],"replies":[{"embeddable":true,"href":"https:\/\/blogs.deia.eus\/anasagasti\/wp-json\/wp\/v2\/comments?post=4735"}],"version-history":[{"count":2,"href":"https:\/\/blogs.deia.eus\/anasagasti\/wp-json\/wp\/v2\/posts\/4735\/revisions"}],"predecessor-version":[{"id":4737,"href":"https:\/\/blogs.deia.eus\/anasagasti\/wp-json\/wp\/v2\/posts\/4735\/revisions\/4737"}],"wp:attachment":[{"href":"https:\/\/blogs.deia.eus\/anasagasti\/wp-json\/wp\/v2\/media?parent=4735"}],"wp:term":[{"taxonomy":"category","embeddable":true,"href":"https:\/\/blogs.deia.eus\/anasagasti\/wp-json\/wp\/v2\/categories?post=4735"},{"taxonomy":"post_tag","embeddable":true,"href":"https:\/\/blogs.deia.eus\/anasagasti\/wp-json\/wp\/v2\/tags?post=4735"}],"curies":[{"name":"wp","href":"https:\/\/api.w.org\/{rel}","templated":true}]}}