{"id":4741,"date":"2014-01-22T21:54:15","date_gmt":"2014-01-22T19:54:15","guid":{"rendered":"http:\/\/blogs.deia.com\/anasagasti\/?p=4741"},"modified":"2014-01-22T21:54:15","modified_gmt":"2014-01-22T19:54:15","slug":"eduardo-madina-el-nuevo-monarquico","status":"publish","type":"post","link":"https:\/\/blogs.deia.eus\/anasagasti\/2014\/01\/22\/eduardo-madina-el-nuevo-monarquico\/","title":{"rendered":"Eduardo Madina. El nuevo mon\u00e1rquico."},"content":{"rendered":"<p><b>Mi\u00e9rcoles 22 de enero de 2014<\/b><b><\/b><\/p>\n<p>Si Eduardo Madina es la esperanza blanca de la renovaci\u00f3n del socialismo espa\u00f1ol, est\u00e1n, \u00e9ste y el pa\u00eds, aviados. Aunque estas cosas a m\u00ed no me cogen de sorpresa en Madina, era espectacular el titular que El MUNDO le dedicaba este mi\u00e9rcoles 22 de enero. Dec\u00eda as\u00ed en portada: \u00abEl PSOE sale en auxilio de Rajoy por su defensa de la lnfanta\u00bb. Y en el texto dec\u00eda:<\/p>\n<p>\u201cMariano Rajoy cont\u00f3 ayer con un inopinado valedor en su pronunciamiento sobre la Infanta Cristina. Para el secretario general del Grupo Socialista, Eduardo Madina, la predicci\u00f3n del presidente de que \u00able ir\u00e1 bien\u00bb en el caso N\u00f3os, a pesar de su reciente imputaci\u00f3n, no puede considerarse una \u00abinjerencia\u00bb pol\u00edtica. Madina coincidi\u00f3 as\u00ed con el portavoz del Grupo Popular, Alfonso Alonso, que defendi\u00f3 exactamente la misma postura que \u00e9l\u201d.<\/p>\n<p>Eso es lo malo del socialismo espa\u00f1ol. Que ha sido casi cuarenta a\u00f1os un PP bis y cuando parec\u00eda que una \u00e9poca comenzaba a acabar, sus nuevos cachorros salen a la plaza m\u00e1s maleados que sus antecesores.<\/p>\n<p>La monarqu\u00eda en Espa\u00f1a se ha mantenido por la gran culpabilidad del partido socialista, que no ha sido un partido socialista republicano a pesar de sus miles de muertos en las cunetas. Ha sido un acomplejado partido cortesano que por lo que parece desea continuar siendo as\u00ed.<\/p>\n<p>Hasta ahora nos enga\u00f1aban diciendo que eran Juan-Carlistas. A punto de desaparecer el heredero de Franco, el rey, si el PSOE apuesta por Felipe de Borb\u00f3n, veremos su real catadura: un partido mon\u00e1rquico traidor a su historia. Es lo que hay. Y Madina es su cara nueva.<\/p>\n<!-- AddThis Advanced Settings generic via filter on the_content --><!-- AddThis Share Buttons generic via filter on the_content -->","protected":false},"excerpt":{"rendered":"<p>Mi\u00e9rcoles 22 de enero de 2014 Si Eduardo Madina es la esperanza blanca de la renovaci\u00f3n del socialismo espa\u00f1ol, est\u00e1n, \u00e9ste y el pa\u00eds, aviados. Aunque estas cosas a m\u00ed no me cogen de sorpresa en Madina, era espectacular el titular que El MUNDO le dedicaba este mi\u00e9rcoles 22 de enero. Dec\u00eda as\u00ed en portada: &hellip; <a href=\"https:\/\/blogs.deia.eus\/anasagasti\/2014\/01\/22\/eduardo-madina-el-nuevo-monarquico\/\" class=\"more-link\">Sigue leyendo <span class=\"screen-reader-text\">Eduardo Madina. El nuevo mon\u00e1rquico.<\/span><\/a><!-- AddThis Advanced Settings generic via filter on get_the_excerpt --><!-- AddThis Share Buttons generic via filter on get_the_excerpt --><\/p>\n","protected":false},"author":19,"featured_media":0,"comment_status":"open","ping_status":"open","sticky":false,"template":"","format":"standard","meta":{"footnotes":""},"categories":[1],"tags":[],"class_list":["post-4741","post","type-post","status-publish","format-standard","hentry","category-general"],"_links":{"self":[{"href":"https:\/\/blogs.deia.eus\/anasagasti\/wp-json\/wp\/v2\/posts\/4741","targetHints":{"allow":["GET"]}}],"collection":[{"href":"https:\/\/blogs.deia.eus\/anasagasti\/wp-json\/wp\/v2\/posts"}],"about":[{"href":"https:\/\/blogs.deia.eus\/anasagasti\/wp-json\/wp\/v2\/types\/post"}],"author":[{"embeddable":true,"href":"https:\/\/blogs.deia.eus\/anasagasti\/wp-json\/wp\/v2\/users\/19"}],"replies":[{"embeddable":true,"href":"https:\/\/blogs.deia.eus\/anasagasti\/wp-json\/wp\/v2\/comments?post=4741"}],"version-history":[{"count":2,"href":"https:\/\/blogs.deia.eus\/anasagasti\/wp-json\/wp\/v2\/posts\/4741\/revisions"}],"predecessor-version":[{"id":4744,"href":"https:\/\/blogs.deia.eus\/anasagasti\/wp-json\/wp\/v2\/posts\/4741\/revisions\/4744"}],"wp:attachment":[{"href":"https:\/\/blogs.deia.eus\/anasagasti\/wp-json\/wp\/v2\/media?parent=4741"}],"wp:term":[{"taxonomy":"category","embeddable":true,"href":"https:\/\/blogs.deia.eus\/anasagasti\/wp-json\/wp\/v2\/categories?post=4741"},{"taxonomy":"post_tag","embeddable":true,"href":"https:\/\/blogs.deia.eus\/anasagasti\/wp-json\/wp\/v2\/tags?post=4741"}],"curies":[{"name":"wp","href":"https:\/\/api.w.org\/{rel}","templated":true}]}}