{"id":4745,"date":"2014-01-26T22:22:03","date_gmt":"2014-01-26T20:22:03","guid":{"rendered":"http:\/\/blogs.deia.com\/anasagasti\/?p=4745"},"modified":"2014-01-26T22:22:03","modified_gmt":"2014-01-26T20:22:03","slug":"por-fin-un-archivo-nacional-vasco","status":"publish","type":"post","link":"https:\/\/blogs.deia.eus\/anasagasti\/2014\/01\/26\/por-fin-un-archivo-nacional-vasco\/","title":{"rendered":"Por fin un Archivo Nacional Vasco"},"content":{"rendered":"<p><b>Domingo 26 de enero de 2014<\/b><b><\/b><\/p>\n<p>El pasado jueves23 de enero estuve en la inauguraci\u00f3n del Archivo Hist\u00f3rico Vasco en la calle Mar\u00eda D\u00edaz de Haro en Bilbao. Veinte kil\u00f3metros de estanter\u00edas y once pisos de los cuales cuatro bajo tierra. Una fachada moderna, de cristal, como en acorde\u00f3n y un presupuesto de trece millones de euros.<\/p>\n<p>Nuestra mentalidad tribal impidi\u00f3 que esto se iniciara en la primera legislatura vasca. En lugar de haber llegado a un acuerdo sobre la Orquesta, el Archivo, el Museo Nacional Vasco, la Hemeroteka Nacional etc. Nos dedicamos unos a madrugar decisiones y otros a oponerse a ellas y al final se han necesitado 34 a\u00f1os para inaugurar algo tan necesario como \u00e9sta magn\u00edfica sede dirigida por una persona singular, amable, erudita y original como Borja Aginagalde que me dijo que \u00e9l hab\u00eda sido quien me hab\u00eda invitado, cosa que agradec\u00ed.<\/p>\n<p>Mucha gente interesante. El Lehendakari Urkullu con quien tuve la oportunidad de hablar largamente. El lehendakari Ardanza con quien comentamos sobre la situaci\u00f3n pol\u00edtica. El obispo Izeta, persona muy amable que hizo bromas con Juanjo Aguirre el benedictino de Lazkao que estaba feliz. Josu Txueka, el historiador navarro as\u00ed como los historiadores La Granja y Ega\u00f1a. Las tres consejeras de cultura Mari Carmen Garmendia, Miren Azkarate y Blanca Urgell. En fin, mucha gente interesante y contenta de la inauguraci\u00f3n. Aquel proyecto iniciado durante el gobierno de Ibarretxe ha visto por fin la luz.<\/p>\n<p>El lugar de la memoria de los vascos<\/p>\n<p>El Archivo Hist\u00f3rico de Euzkadi abre \u00abcomo un espacio abierto para contribuir a elaborar un relato de lo que hemos sido y que nos oriente en nuestra actuaci\u00f3n presente y futura\u00bb, se\u00f1ala I\u00f1igo Urkullu<\/p>\n<p>El Archivo Hist\u00f3rico de Euskadi es ya una realidad. El proyecto, aprobado por el Gobierno de Ibarretxe en el marco del Plan Vasco de Cultura, abri\u00f3 ayer sus puertas para convertirse en el dep\u00f3sito de la memoria de Euskadi. El edificio, situado en el n\u00famero 3 de la calle Mar\u00eda D\u00edaz de Haro -a escasos metros del archivo del primer Gobierno presidido por Jos\u00e9 Antonio Aguirre destruido por la guerra- dar\u00e1 continuidad a la labor de Irargi, el Centro de Patrimonio Documental de Euzkadi, ubicado en Bergara, que desde su creaci\u00f3n en 1986 ha llevado a cabo una important\u00edsima labor de b\u00fasqueda, inventariado y reproducci\u00f3n de la documentaci\u00f3n que existe en archivos p\u00fablicos y privados sobre el Pa\u00eds Vasco.<\/p>\n<p>En el Archivo Hist\u00f3rico hay depositadas miles de cajas repletas de documentos, correspondencia epistolar entre miembros del primer Gobierno vasco y donaciones de particulares, que reflejan el modo de vida de la sociedad vasca a trav\u00e9s de m\u00e1s de 600 a\u00f1os de historia.<\/p>\n<p>Esta infraestructura cultural de primer nivel, con una superficie construida de 8.542 metros cuadrados, fue inaugurada por el lehendakari I\u00f1igo Urkullu, la consejera de Cultura, Educaci\u00f3n y Pol\u00edtica Ling\u00fc\u00edstica, Cristina Uriarte, y el viceconsejero Joxean Mu\u00f1oz, ante la presencia de una gran representaci\u00f3n del mundo pol\u00edtico, cultural y social vasco.<\/p>\n<p>Urkullu destac\u00f3 que, ahora \u00abque tanto se habla de memoria, este edificio es el lugar de la memoria, de una memoria que espera ser rescatada, descubierta, investigada y difundida\u00bb. Para el lehendakari, \u00abse trata de \u00abuna memoria pr\u00f3xima que nos puede interpelar y nos ayuda a mejorar, a no cometer errores del pasado. Este es el espacio so\u00f1ado para que, dentro de muchas d\u00e9cadas, los miles de documentos que se elaboren sean de inter\u00e9s para quienes quieran seguir conociendo la historia de este pa\u00eds al servicio de un futuro mejor\u00bb.<\/p>\n<p>Urkullu record\u00f3 que el Archivo Hist\u00f3rico guarda, asimismo, documentaci\u00f3n privada de especial relevancia para Euskadi y agradeci\u00f3 las aportaciones realizadas por organizaciones, entidades, familias y particulares. Seg\u00fan precis\u00f3, todos estos \u00abpeque\u00f1os archivos hacen m\u00e1s grande el nuevo Archivo\u00bb y permiten conocer \u00abmejor nuestra propia historia\u00bb. En este sentido, explic\u00f3 que est\u00e1n registrados en \u00e9l \u00abdesde un documento del 11 de febrero de 1430 de venta de manzanales, casas, partes del monte y huertas, otorgadas por Mar\u00eda de Orbe a favor del vecino de Ermua Pedro de Eguskinza por 27 coronas de oro, hasta este mismo acto de inauguraci\u00f3n\u00bb. \u00abNuestro objetivo es llegar a registrar las actividades m\u00e1s significativas y de mayor trascendencia para nuestro pa\u00eds\u00bb.<\/p>\n<p>Urkullu se\u00f1al\u00f3 que la misi\u00f3n de la nueva infraestructura cultural es \u00abcontribuir a elaborar un relato comprensible de lo que hemos sido y que nos oriente en nuestra actuaci\u00f3n presente y futura\u00bb.<\/p>\n<p>Abierto. Por su parte, Cristina Uriarte defini\u00f3 el edificio como \u00absingular, hermoso y al mismo tiempo, funcional. Una met\u00e1fora de lo que es y quiere ser, un archivo contempor\u00e1neo\u00bb. Uriarte, sin embargo, quiso dejar claro que un archivo no es solo \u00abun lugar, un edificio o un equipamiento, sino un servicio para toda la ciudadan\u00eda. Se trata de poner a disposici\u00f3n de toda la sociedad vasca una parte fundamental de la memoria de nuestro pa\u00eds. Los archivos son los registros de las actividades de individuos, organizaciones, empresas o gobiernos. Son testimonio documental de decisiones tomadas, de vidas vividas, de cambios, de innovaci\u00f3n, de conflicto y de convivencia\u00bb. \u00abAqu\u00ed se guarda la constancia de nuestros fracasos y nuestros logros, aqu\u00ed se conserva la memoria de lo que hicimos, de lo que fuimos. Y eso es vital para entender lo que hacemos hoy y por qu\u00e9 es como es nuestra sociedad contempor\u00e1nea\u00bb, explic\u00f3.<\/p>\n<p>Once plantas El Archivo Hist\u00f3rico de Euzkadi consta de once plantas, cuatro de ellas subterr\u00e1neas, dotadas con los medios m\u00e1s avanzados. Al proyecto, obra del arquitecto de Idom-ACXT Gonzalo Carro, han sido destinados 13.650.000 de euros, lo que supone un ahorro del 30% con respecto a las previsiones iniciales.<\/p>\n<p>El edificio se abre a la calle y al p\u00fablico al igual que un pergamino. El vidrio de la fachada est\u00e1 serigrafiado con graf\u00edas tomadas de palabras y textos escogidos del conjunto del patrimonio documental de Euskadi.<\/p>\n<p>El uso principal de los tres primeros s\u00f3tanos es el de dep\u00f3sito de archivo, mientras que en la planta baja, en la primera y en parte del primer s\u00f3tano se concentran los usos p\u00fablicos de libre acceso: vest\u00edbulo principal, recepci\u00f3n, varias salas de exposiciones y el sal\u00f3n de actos. A trav\u00e9s del vest\u00edbulo de la planta baja se accede a un jard\u00edn, un espacio concebido para acoger exposiciones al aire libre, zona de lectura o proyecciones. En la planta segunda se encuentra la sala de lectura, cuyo acceso es libre para el p\u00fablico. En el resto de los pisos sobre rasante se ubican las zonas administrativas y los laboratorios.<\/p>\n<p>En la actualidad, se puede acceder por internet, a trav\u00e9s del portal web del archivo, www.eah-ahe.org, al 80% de los documentos, que se encuentran ya digitalizados. En total, 500 archivos p\u00fablicos y privados, 3.200.000 im\u00e1genes de documentos, desde el siglo XII hasta el XX.<\/p>\n<p>El documento m\u00e1s antiguo guardado en la sede de Bilbao es una herencia de una familia guipuzcoana fechado en 1279. \u00abPero hay infinidad de archivos valiosos, como los del Gobierno de Euskadi, desde su constituci\u00f3n en 1936, entre los que se encuentran los de los mandatos de los lehendakaris Aguirre y Leizaola. Se pueden consultar por internet desde hace un a\u00f1o\u00bb, explic\u00f3 el director del Archivo, Borja Aguinagalde<\/p>\n<p>El nuevo espacio tambi\u00e9n se nutre de importantes donaciones privadas, como las de las familias Alcibar, Michelena, Irulegui, Colmenares-Licona, Margia Valde-espina, Heriz, Rotaeche&#8230; Re\u00fanen documentaci\u00f3n que ilustra las vicisitudes de familias de todos los rincones de Euskadi, gran parte de otros territorios de la pen\u00ednsula y Am\u00e9rica en la \u00e9poca colonial, desde la segunda mitad del siglo XV hasta inicios del siglo XX: costumbres sociales, relaciones personales y administraci\u00f3n de bienes, entre otros. Tambi\u00e9n se puede acceder al \u00edndice de los 5,5 millones de censos eclesi\u00e1sticos -que incluyen bautismos, matrimonios y defunciones- hasta 1900 a trav\u00e9s de internet.<\/p>\n<p>&nbsp;<\/p>\n<p>&nbsp;<\/p>\n<!-- AddThis Advanced Settings generic via filter on the_content --><!-- AddThis Share Buttons generic via filter on the_content -->","protected":false},"excerpt":{"rendered":"<p>Domingo 26 de enero de 2014 El pasado jueves23 de enero estuve en la inauguraci\u00f3n del Archivo Hist\u00f3rico Vasco en la calle Mar\u00eda D\u00edaz de Haro en Bilbao. Veinte kil\u00f3metros de estanter\u00edas y once pisos de los cuales cuatro bajo tierra. Una fachada moderna, de cristal, como en acorde\u00f3n y un presupuesto de trece millones &hellip; <a href=\"https:\/\/blogs.deia.eus\/anasagasti\/2014\/01\/26\/por-fin-un-archivo-nacional-vasco\/\" class=\"more-link\">Sigue leyendo <span class=\"screen-reader-text\">Por fin un Archivo Nacional Vasco<\/span><\/a><!-- AddThis Advanced Settings generic via filter on get_the_excerpt --><!-- AddThis Share Buttons generic via filter on get_the_excerpt --><\/p>\n","protected":false},"author":19,"featured_media":0,"comment_status":"open","ping_status":"open","sticky":false,"template":"","format":"standard","meta":{"footnotes":""},"categories":[1],"tags":[],"class_list":["post-4745","post","type-post","status-publish","format-standard","hentry","category-general"],"_links":{"self":[{"href":"https:\/\/blogs.deia.eus\/anasagasti\/wp-json\/wp\/v2\/posts\/4745","targetHints":{"allow":["GET"]}}],"collection":[{"href":"https:\/\/blogs.deia.eus\/anasagasti\/wp-json\/wp\/v2\/posts"}],"about":[{"href":"https:\/\/blogs.deia.eus\/anasagasti\/wp-json\/wp\/v2\/types\/post"}],"author":[{"embeddable":true,"href":"https:\/\/blogs.deia.eus\/anasagasti\/wp-json\/wp\/v2\/users\/19"}],"replies":[{"embeddable":true,"href":"https:\/\/blogs.deia.eus\/anasagasti\/wp-json\/wp\/v2\/comments?post=4745"}],"version-history":[{"count":2,"href":"https:\/\/blogs.deia.eus\/anasagasti\/wp-json\/wp\/v2\/posts\/4745\/revisions"}],"predecessor-version":[{"id":4747,"href":"https:\/\/blogs.deia.eus\/anasagasti\/wp-json\/wp\/v2\/posts\/4745\/revisions\/4747"}],"wp:attachment":[{"href":"https:\/\/blogs.deia.eus\/anasagasti\/wp-json\/wp\/v2\/media?parent=4745"}],"wp:term":[{"taxonomy":"category","embeddable":true,"href":"https:\/\/blogs.deia.eus\/anasagasti\/wp-json\/wp\/v2\/categories?post=4745"},{"taxonomy":"post_tag","embeddable":true,"href":"https:\/\/blogs.deia.eus\/anasagasti\/wp-json\/wp\/v2\/tags?post=4745"}],"curies":[{"name":"wp","href":"https:\/\/api.w.org\/{rel}","templated":true}]}}