{"id":4748,"date":"2014-01-27T20:41:23","date_gmt":"2014-01-27T18:41:23","guid":{"rendered":"http:\/\/blogs.deia.com\/anasagasti\/?p=4748"},"modified":"2014-01-27T20:41:23","modified_gmt":"2014-01-27T18:41:23","slug":"por-que-felipe-de-borbon-no-viaja-en-avion-de-iberia","status":"publish","type":"post","link":"https:\/\/blogs.deia.eus\/anasagasti\/2014\/01\/27\/por-que-felipe-de-borbon-no-viaja-en-avion-de-iberia\/","title":{"rendered":"\u00bfPor qu\u00e9 Felipe de Borb\u00f3n  no viaja en avi\u00f3n de Iberia?"},"content":{"rendered":"<p><b>Lunes 27 de enero de 2014<\/b><\/p>\n<p>No entiendo el esc\u00e1ndalo de los aviones estropeados que llaman del Pr\u00edncipe, sin serlo. Ni son del rey, ni del presidente del gobierno y much\u00edsimo menos de Felipe, son del Estado y est\u00e1n adscritos a Defensa y por lo que parece son unos trastos que se estropean cada dos por tres. Por eso deber\u00edan hacer lo que hace el Papa. Cuando viaja, Alitalia le presta un avi\u00f3n, que por estar baqueteado y bien mantenido por los viajes, no se estropean y no les hace falta tener Avi\u00f3n M\u00f3vil, como s\u00ed tienen Papa M\u00f3vil.<\/p>\n<p>Lo que es una verg\u00fcenza es que este Felipe de Borb\u00f3n no viaje en l\u00ednea regular. \u00bfNo es Iberia la l\u00ednea que en sus aviones pone en su fuselaje \u201cL\u00edneas a\u00e9reas de Espa\u00f1a\u201d?. Pues que viaje en Iberia con su secretario y sin escoltas, que la seguridad se la pone el pa\u00eds que visita. M\u00e1s barato, m\u00e1s seguro y menos tonter\u00edas de un se\u00f1or que encima pasa por austero. Me gustar\u00eda saber cu\u00e1nto cuesta cada uno de estos millonarios viajes que adem\u00e1s no los paga la Casa Real y que no nos dejan controlarlos.<\/p>\n<p>\u00bfY qui\u00e9n es Felipe de Borb\u00f3n?.<\/p>\n<p>Pues simplemente el hijo de su padre en expectativa de destino. Ni est\u00e1 aforado, ni representa absolutamente a nadie.<\/p>\n<p>\u00bfY por qu\u00e9 ocurre todo \u00e9sto?. Porque el PSOE lo permite. \u00a1Vaya partido republicano de plastilina!.<\/p>\n<p>No yo, sino P\u00e9rez Rubalcaba era quien ten\u00eda que salir diciendo \u201c\u00a1Oiga usted. Viaje en Iberia y ahorre gastos!. Pero no lo har\u00e1, porque encima va a aplaudir que la Sra. Cristina de Borb\u00f3n no baje la rampa como s\u00ed la baj\u00f3 su marido. \u00a1Qu\u00e9 porquer\u00eda de pa\u00eds!. \u00a1Y qu\u00e9 porquer\u00eda de pol\u00edticos aquellos que se arrugan ante tanta corrupci\u00f3n!.<\/p>\n<p>&nbsp;<\/p>\n<p>&nbsp;<\/p>\n<!-- AddThis Advanced Settings generic via filter on the_content --><!-- AddThis Share Buttons generic via filter on the_content -->","protected":false},"excerpt":{"rendered":"<p>Lunes 27 de enero de 2014 No entiendo el esc\u00e1ndalo de los aviones estropeados que llaman del Pr\u00edncipe, sin serlo. Ni son del rey, ni del presidente del gobierno y much\u00edsimo menos de Felipe, son del Estado y est\u00e1n adscritos a Defensa y por lo que parece son unos trastos que se estropean cada dos &hellip; <a href=\"https:\/\/blogs.deia.eus\/anasagasti\/2014\/01\/27\/por-que-felipe-de-borbon-no-viaja-en-avion-de-iberia\/\" class=\"more-link\">Sigue leyendo <span class=\"screen-reader-text\">\u00bfPor qu\u00e9 Felipe de Borb\u00f3n  no viaja en avi\u00f3n de Iberia?<\/span><\/a><!-- AddThis Advanced Settings generic via filter on get_the_excerpt --><!-- AddThis Share Buttons generic via filter on get_the_excerpt --><\/p>\n","protected":false},"author":19,"featured_media":0,"comment_status":"open","ping_status":"open","sticky":false,"template":"","format":"standard","meta":{"footnotes":""},"categories":[1],"tags":[],"class_list":["post-4748","post","type-post","status-publish","format-standard","hentry","category-general"],"_links":{"self":[{"href":"https:\/\/blogs.deia.eus\/anasagasti\/wp-json\/wp\/v2\/posts\/4748","targetHints":{"allow":["GET"]}}],"collection":[{"href":"https:\/\/blogs.deia.eus\/anasagasti\/wp-json\/wp\/v2\/posts"}],"about":[{"href":"https:\/\/blogs.deia.eus\/anasagasti\/wp-json\/wp\/v2\/types\/post"}],"author":[{"embeddable":true,"href":"https:\/\/blogs.deia.eus\/anasagasti\/wp-json\/wp\/v2\/users\/19"}],"replies":[{"embeddable":true,"href":"https:\/\/blogs.deia.eus\/anasagasti\/wp-json\/wp\/v2\/comments?post=4748"}],"version-history":[{"count":2,"href":"https:\/\/blogs.deia.eus\/anasagasti\/wp-json\/wp\/v2\/posts\/4748\/revisions"}],"predecessor-version":[{"id":4750,"href":"https:\/\/blogs.deia.eus\/anasagasti\/wp-json\/wp\/v2\/posts\/4748\/revisions\/4750"}],"wp:attachment":[{"href":"https:\/\/blogs.deia.eus\/anasagasti\/wp-json\/wp\/v2\/media?parent=4748"}],"wp:term":[{"taxonomy":"category","embeddable":true,"href":"https:\/\/blogs.deia.eus\/anasagasti\/wp-json\/wp\/v2\/categories?post=4748"},{"taxonomy":"post_tag","embeddable":true,"href":"https:\/\/blogs.deia.eus\/anasagasti\/wp-json\/wp\/v2\/tags?post=4748"}],"curies":[{"name":"wp","href":"https:\/\/api.w.org\/{rel}","templated":true}]}}