{"id":4753,"date":"2014-01-29T23:01:17","date_gmt":"2014-01-29T21:01:17","guid":{"rendered":"http:\/\/blogs.deia.com\/anasagasti\/?p=4753"},"modified":"2014-01-29T23:01:17","modified_gmt":"2014-01-29T21:01:17","slug":"el-mismo-dia-de-la-muerte-de-marcelino-en-el-senado-solo-se-acuerdan-de-los-judios","status":"publish","type":"post","link":"https:\/\/blogs.deia.eus\/anasagasti\/2014\/01\/29\/el-mismo-dia-de-la-muerte-de-marcelino-en-el-senado-solo-se-acuerdan-de-los-judios\/","title":{"rendered":"El mismo d\u00eda de la muerte de Marcelino, en el Senado solo se acuerdan de los jud\u00edos."},"content":{"rendered":"<h3>Mi\u00e9rcoles 29 de enero de 2014<\/h3>\n<p>El lunes fue noticia el fallecimiento de Marcelino Bilbao, conejillo de indias en el campo de exterminio de Mauthausen. Hab\u00eda nacido en Alonsotegi, aguantado el bombardeo de Gernika y participado en la batalla de Teruel y en la del Ebro. Acab\u00f3 en Mauthausen, donde no muri\u00f3 de milagro.<\/p>\n<p>Logr\u00f3 salir con vida despu\u00e9s de los experimentos de Aribert Heim, el infame doctor Muerte, un nazi que inyectaba veneno en forma de benceno en el coraz\u00f3n con el \u00fanico fin de averiguar si la v\u00edctima aguantaba. Y aguant\u00f3. Cogieron a treinta y solo siete sobrevivieron a los pinchazos. Nunca nadie les reconoci\u00f3 nada. Y lo pod\u00edan haber recordado este lunes en el Senado donde todo se centr\u00f3 en las v\u00edctimas jud\u00edas, para recordar el holocausto. Nadie objeta ese reconocimiento, pero si el olvido culpable de lo que los nazis hicieron a los republicanos y a los nacionalistas que fueron muchos m\u00e1s que las v\u00edctimas de ETA. Pero aqu\u00ed hay v\u00edctimas de primera y de segunda categor\u00eda, porque Marcelino apareci\u00f3 en Mauthaussen no por hacer turismo sino por luchar contra una dictadura oprobiosa como la franquista.<\/p>\n<p>Lo imperdonable fue lo ocurrido en el Senado.<\/p>\n<p>El Senado celebr\u00f3 el lunes un acto con motivo del D\u00eda Internacional de la Memoria de las V\u00edctimas del Holocausto en el que han brillado por su ausencia las referencias a los republicanos y antifascistas del Estado espa\u00f1ol que, tras el golpe de Estado de 1936, acabaron en campos de exterminio en Austria o Polonia.<\/p>\n<p>De hecho, solo acudieron dos personas en representaci\u00f3n de los espa\u00f1oles que estuvieron en esos campos: Elsa Osaba, que tuvo recluidos a varios miembros de su familia, entre ellos su padre, y una representante espa\u00f1ola de la asociaci\u00f3n Amical de Mauthausen.<\/p>\n<p>Los familiares de Osaba llegaron al campo de Argel\u00e8s sur Mer desde el frente de Arag\u00f3n, este mi\u00e9rcoles precisamente har\u00e1 75 a\u00f1os, tambi\u00e9n recuerda c\u00f3mo su t\u00edo, con tan solo 13 a\u00f1os, fue arrancado de los brazos de su padre. Ella reivindica la memoria: \u201cHoy es el D\u00eda del Holocausto y el espa\u00f1ol est\u00e1 siendo ignorando por este gobierno. Sin memoria no existimos y tenemos que tener nombre y rostros\u201d.<\/p>\n<p>Pero en el Senado no hubo esa memoria, solo una vela blanca encendida por las comunidades jud\u00edas en recuerdo a los republicanos espa\u00f1oles deportados.<\/p>\n<p>Lo que s\u00ed hubo, es una amplia presencia de pol\u00edticos del gobierno y una fuerte representaci\u00f3n israel\u00ed. Por el Gobierno acudieron los ministros de Justicia y Educaci\u00f3n, Alberto Ruiz-Gallard\u00f3n y Jos\u00e9 Ignacio Wert, a los que acompa\u00f1\u00f3 el embajador de Israel, Alon Bar; el embajador en misi\u00f3n especial para las Relaciones con las Comunidades Jud\u00edas de Espa\u00f1a, \u00c1lvaro Albacete; el presidente de la Federaci\u00f3n de Comunidades Jud\u00edas de Espa\u00f1a, Isaac Querub, y el presidente de la Uni\u00f3n Roman\u00ed, Juan de Dios Ram\u00edrez Heredia.<\/p>\n<p>Osaba critica ese despliegue oficial y recuerda que \u201chace un a\u00f1o tanto Margallo como Gallard\u00f3n, utilizaron el t\u00e9rmino \u2018disidentes ideol\u00f3gicos\u2019 para designar a los deportados espa\u00f1oles, algo que s\u00ed fueron sus padres y familiares, los verdaderos golpistas\u201d.<\/p>\n<p>Adem\u00e1s, recuerda que por los 168 escalones de la muerte de Mauthausen, pasaron unos 9.000 espa\u00f1oles. De ah\u00ed la \u201ccontradicci\u00f3n\u201d y el \u201csentimiento de pena\u201d que le produce ver llegar a mandatarios \u201cen coches Mercedes o Ford, marcas que colaboraron con los nazis y que no pasaron por el tamiz de la justicia\u201d.<\/p>\n<p>Querella argentina<\/p>\n<p>Elsa Osaba est\u00e1 personada en la querella argentina que investiga los cr\u00edmenes del franquismo y ha viajado hasta ese pa\u00eds para declarar ante la jueza que lleva el caso.<\/p>\n<p>En Argentina pidi\u00f3 que se aclare la \u201cresponsabilidad subsidiaria del jefe de Estado actual como heredero del dictador y que el jefe de Estado franc\u00e9s pida perd\u00f3n por el recibimiento de los espa\u00f1oles en sus campos de concentraci\u00f3n\u201d. Adem\u00e1s exigi\u00f3 que la Iglesia \u201cpida perd\u00f3n por el acoso, persecuci\u00f3n y expolio a los represaliados espa\u00f1oles\u201d.<\/p>\n<p>Adem\u00e1s, critic\u00f3 la actuaci\u00f3n de la Fiscal\u00eda que \u201cnos deja desprotegidos, como estaban los espa\u00f1oles en los campos de exterminio y trabajo\u201d y a los que incluso se quit\u00f3 la nacionalidad bajo la consigna \u201ctras los Pirineos no existen espa\u00f1oles\u201d.<\/p>\n<p>Esta desmemoria generalizada es lo que m\u00e1s le duele a Osaba para quien, \u201ccuando el verdugo mata y despu\u00e9s exige olvido, mata dos veces\u201d.<\/p>\n<p>Como pas\u00f3 con Marcelino Bilbao. Para los del Senado nunca existi\u00f3. \u00a1Qu\u00e9 verg\u00fcenza!.<\/p>\n<p>&nbsp;<\/p>\n<!-- AddThis Advanced Settings generic via filter on the_content --><!-- AddThis Share Buttons generic via filter on the_content -->","protected":false},"excerpt":{"rendered":"<p>Mi\u00e9rcoles 29 de enero de 2014 El lunes fue noticia el fallecimiento de Marcelino Bilbao, conejillo de indias en el campo de exterminio de Mauthausen. Hab\u00eda nacido en Alonsotegi, aguantado el bombardeo de Gernika y participado en la batalla de Teruel y en la del Ebro. Acab\u00f3 en Mauthausen, donde no muri\u00f3 de milagro. Logr\u00f3 &hellip; <a href=\"https:\/\/blogs.deia.eus\/anasagasti\/2014\/01\/29\/el-mismo-dia-de-la-muerte-de-marcelino-en-el-senado-solo-se-acuerdan-de-los-judios\/\" class=\"more-link\">Sigue leyendo <span class=\"screen-reader-text\">El mismo d\u00eda de la muerte de Marcelino, en el Senado solo se acuerdan de los jud\u00edos.<\/span><\/a><!-- AddThis Advanced Settings generic via filter on get_the_excerpt --><!-- AddThis Share Buttons generic via filter on get_the_excerpt --><\/p>\n","protected":false},"author":19,"featured_media":0,"comment_status":"open","ping_status":"open","sticky":false,"template":"","format":"standard","meta":{"footnotes":""},"categories":[1],"tags":[],"class_list":["post-4753","post","type-post","status-publish","format-standard","hentry","category-general"],"_links":{"self":[{"href":"https:\/\/blogs.deia.eus\/anasagasti\/wp-json\/wp\/v2\/posts\/4753","targetHints":{"allow":["GET"]}}],"collection":[{"href":"https:\/\/blogs.deia.eus\/anasagasti\/wp-json\/wp\/v2\/posts"}],"about":[{"href":"https:\/\/blogs.deia.eus\/anasagasti\/wp-json\/wp\/v2\/types\/post"}],"author":[{"embeddable":true,"href":"https:\/\/blogs.deia.eus\/anasagasti\/wp-json\/wp\/v2\/users\/19"}],"replies":[{"embeddable":true,"href":"https:\/\/blogs.deia.eus\/anasagasti\/wp-json\/wp\/v2\/comments?post=4753"}],"version-history":[{"count":2,"href":"https:\/\/blogs.deia.eus\/anasagasti\/wp-json\/wp\/v2\/posts\/4753\/revisions"}],"predecessor-version":[{"id":4755,"href":"https:\/\/blogs.deia.eus\/anasagasti\/wp-json\/wp\/v2\/posts\/4753\/revisions\/4755"}],"wp:attachment":[{"href":"https:\/\/blogs.deia.eus\/anasagasti\/wp-json\/wp\/v2\/media?parent=4753"}],"wp:term":[{"taxonomy":"category","embeddable":true,"href":"https:\/\/blogs.deia.eus\/anasagasti\/wp-json\/wp\/v2\/categories?post=4753"},{"taxonomy":"post_tag","embeddable":true,"href":"https:\/\/blogs.deia.eus\/anasagasti\/wp-json\/wp\/v2\/tags?post=4753"}],"curies":[{"name":"wp","href":"https:\/\/api.w.org\/{rel}","templated":true}]}}