{"id":4763,"date":"2014-02-09T22:10:27","date_gmt":"2014-02-09T20:10:27","guid":{"rendered":"http:\/\/blogs.deia.com\/anasagasti\/?p=4763"},"modified":"2014-02-09T22:10:27","modified_gmt":"2014-02-09T20:10:27","slug":"de-que-se-rie-usted-senora","status":"publish","type":"post","link":"https:\/\/blogs.deia.eus\/anasagasti\/2014\/02\/09\/de-que-se-rie-usted-senora\/","title":{"rendered":"\u00bfDe qu\u00e9 se r\u00ede Usted Se\u00f1ora?"},"content":{"rendered":"<p><b>Domingo 9 de febrero de 2014<\/b><\/p>\n<p>Estuve el s\u00e1bado en el \u00faltimo programa de Emma Garc\u00eda \u201cAbre los ojos\u2026 y mira\u201d. Su \u00faltimo invitado fue Miguel \u00c1ngel Revilla que tuvo su gracia al decir que iba a un funeral y que ya hab\u00eda ido a tres en poco tiempo \u201cLa Noria\u00bb, \u00abEl Debate\u00bb y \u00abAbre los ojos\u2026 y mira\u00bb. Se nota la presi\u00f3n. El PP va acabando poco a poco con la disidencia y la informaci\u00f3n veraz. Pedro J cultiva malvas y los m\u00e1rgenes de debate se reducen. El s\u00e1bado termin\u00f3 uno m\u00e1s. Solo queda uno. Todo se andar\u00e1.<\/p>\n<p>Emma es de Ordizia y hablamos de sus inicios en ETB. Empez\u00f3 su programa ese s\u00e1bado pregunt\u00e1ndonos a los seis invitados (L\u00f3pez Schlestting, Jaime L\u00f3pez, Pilar Eyre, Javier Sard\u00e1 y Margarita S\u00e1enz D\u00edez) por la \u201ccuesti\u00f3n de amor\u201d dicha por el cursi abogado defensor Jes\u00fas Silva, del bufete de Roca.<\/p>\n<p>Yo le contest\u00e9 que historia de amor la de Romeo y Julieta que terminaron los dos suicid\u00e1ndose tom\u00e1ndose la p\u00f3cima, pero que Cristina de Borb\u00f3n hab\u00eda demostrado poco a amor hacia su marido ech\u00e1ndole toda la culpa y toda la basura a \u00e9l para salvarse ella, con esa argumentaci\u00f3n obscena de que nada sab\u00eda. Alimento para el machismo. La Sra. fue tonta y firm\u00f3 todo lo que le echaron. Y trabaja en La Caixa. \u00bfCu\u00e1ndo Isidro Fain\u00e9 le dar\u00e1 el finiquito?<\/p>\n<p>Tambi\u00e9n les dije, con gran alboroto, que el tratamiento de Infanta no est\u00e1 en la Constitu\u00adci\u00f3n, que es un tratamiento de los cortesanos y vasallos para establecer distancias y que esa se\u00f1ora no era m\u00e1s que hija de su padre. Me dijeron que era un pescador en r\u00edo revuelto. Al final Emma nos pidi\u00f3 un resumen del d\u00eda.<\/p>\n<p>\u00abEntr\u00f3 ri\u00e9ndose y sali\u00f3 ri\u00e9ndose y en el avi\u00f3n se sigui\u00f3 riendo con los escoltas\u201d, les dije. \u201cEs una se\u00f1ora que nos ha tomado, el pelo a todos. No se puede ir ante un juez como quien va a la fiesta de la banderita de la Cruz Roja. Solo falt\u00f3 que el guardia de seguridad le recibiera con un ramo de flores. Y eso no fue por nervios. Todo estaba estudiado. Desde el peque\u00f1o coche cuesta abajo, cosa que no hizo su marido, con m\u00e1s polic\u00edas que en Sochi, con las protestas muy lejos, sin pasar por el arco de metales, no contestando a nada a pesar de las pruebas, la se\u00f1ora se ri\u00f3 de nosotros\u00bb.<\/p>\n<p>De no haber sido por la crisis, de no haber sido por la caza del elefante de Botswana, de no haber habido un juez instructor valiente, de no haberlo hecho la Casa Real tan rematadamente mal todo, de no haber dicho su padre esa mentira de que la justicia es igual para todos, para rato esta se\u00f1ora hubiera ido al Juzgado de Mallorca el s\u00e1bado 8 de febrero.<\/p>\n<p>Ahora solo le quedaa la Casa Real presionar al juez Castro para que la desimpute y no pague multa alguna. Que todo se andar\u00e1. No hab\u00eda m\u00e1s que verle a Roca y a Silva subir la cuesta con el brazo de Roca sobre Silva que previamente, como un limaco, hab\u00eda descrito a Cristina de Borb\u00f3n como su Alteza Real e Infanta de Espa\u00f1a. Solo le falt\u00f3 la cl\u00e1sica reverencia pelota que le hac\u00edan antes a esta se\u00f1ora que el s\u00e1bado, junto a sus abogados, a la Agencia Tributaria, a la Abogac\u00eda del Estado, y a la Fiscal\u00eda, se r\u00eden de nosotros a mand\u00edbula batiente.<\/p>\n<p>Pilar Manj\u00f3n en su comparecencia en el Congreso para denunciar los hechos del 11-M le pregunt\u00f3 a los diputados \u00ab\u00bfde qu\u00e9 se r\u00eden ustedes se\u00f1or\u00edas?\u201d Pues la llamada Infanta, del pueblo soberano. Ya lo dijimos.<\/p>\n<p>&nbsp;<\/p>\n<!-- AddThis Advanced Settings generic via filter on the_content --><!-- AddThis Share Buttons generic via filter on the_content -->","protected":false},"excerpt":{"rendered":"<p>Domingo 9 de febrero de 2014 Estuve el s\u00e1bado en el \u00faltimo programa de Emma Garc\u00eda \u201cAbre los ojos\u2026 y mira\u201d. Su \u00faltimo invitado fue Miguel \u00c1ngel Revilla que tuvo su gracia al decir que iba a un funeral y que ya hab\u00eda ido a tres en poco tiempo \u201cLa Noria\u00bb, \u00abEl Debate\u00bb y \u00abAbre &hellip; <a href=\"https:\/\/blogs.deia.eus\/anasagasti\/2014\/02\/09\/de-que-se-rie-usted-senora\/\" class=\"more-link\">Sigue leyendo <span class=\"screen-reader-text\">\u00bfDe qu\u00e9 se r\u00ede Usted Se\u00f1ora?<\/span><\/a><!-- AddThis Advanced Settings generic via filter on get_the_excerpt --><!-- AddThis Share Buttons generic via filter on get_the_excerpt --><\/p>\n","protected":false},"author":19,"featured_media":0,"comment_status":"open","ping_status":"open","sticky":false,"template":"","format":"standard","meta":{"footnotes":""},"categories":[1],"tags":[],"class_list":["post-4763","post","type-post","status-publish","format-standard","hentry","category-general"],"_links":{"self":[{"href":"https:\/\/blogs.deia.eus\/anasagasti\/wp-json\/wp\/v2\/posts\/4763","targetHints":{"allow":["GET"]}}],"collection":[{"href":"https:\/\/blogs.deia.eus\/anasagasti\/wp-json\/wp\/v2\/posts"}],"about":[{"href":"https:\/\/blogs.deia.eus\/anasagasti\/wp-json\/wp\/v2\/types\/post"}],"author":[{"embeddable":true,"href":"https:\/\/blogs.deia.eus\/anasagasti\/wp-json\/wp\/v2\/users\/19"}],"replies":[{"embeddable":true,"href":"https:\/\/blogs.deia.eus\/anasagasti\/wp-json\/wp\/v2\/comments?post=4763"}],"version-history":[{"count":2,"href":"https:\/\/blogs.deia.eus\/anasagasti\/wp-json\/wp\/v2\/posts\/4763\/revisions"}],"predecessor-version":[{"id":4765,"href":"https:\/\/blogs.deia.eus\/anasagasti\/wp-json\/wp\/v2\/posts\/4763\/revisions\/4765"}],"wp:attachment":[{"href":"https:\/\/blogs.deia.eus\/anasagasti\/wp-json\/wp\/v2\/media?parent=4763"}],"wp:term":[{"taxonomy":"category","embeddable":true,"href":"https:\/\/blogs.deia.eus\/anasagasti\/wp-json\/wp\/v2\/categories?post=4763"},{"taxonomy":"post_tag","embeddable":true,"href":"https:\/\/blogs.deia.eus\/anasagasti\/wp-json\/wp\/v2\/tags?post=4763"}],"curies":[{"name":"wp","href":"https:\/\/api.w.org\/{rel}","templated":true}]}}