{"id":4767,"date":"2014-02-14T21:25:29","date_gmt":"2014-02-14T19:25:29","guid":{"rendered":"http:\/\/blogs.deia.com\/anasagasti\/?p=4767"},"modified":"2014-02-14T21:25:29","modified_gmt":"2014-02-14T19:25:29","slug":"navarra-es-estrategica-para-espana","status":"publish","type":"post","link":"https:\/\/blogs.deia.eus\/anasagasti\/2014\/02\/14\/navarra-es-estrategica-para-espana\/","title":{"rendered":"Navarra es estrat\u00e9gica para Espa\u00f1a"},"content":{"rendered":"<p><b><strong>Viernes 12 de febrero de 2014<\/strong><\/b><\/p>\n<p>Lo dice el ministro del Interior. Ya lo sab\u00edamos. Se extra\u00f1an en Radio Euzkadi que haya salido en tromba Jorge Fern\u00e1ndez hablando de esto. Tiene su explicaci\u00f3n. Fue en su d\u00eda uno de los due\u00f1os del balneario de Fitero. Pero tambi\u00e9n dijo algo parecido quien fuera en su d\u00eda ministro de Justicia, I\u00f1igo Cavero. En la parte de atr\u00e1s del hemiciclo me coment\u00f3 el por qu\u00e9 los militares hab\u00edan presionado para que Navarra no formara parte de la Comunidad Aut\u00f3noma Vasca. \u00abTiene dimensi\u00f3n, frontera y granero y con la CAV configuran<span style=\"font-family: Arial;font-size: medium\">un estado\u00bb y dijeron que no. Como lo hab<\/span>\u00edan hecho en tiempos de la Rep\u00fablica falsificando actas para que el estatuto de Estella no prosperara. Y eso que hab\u00edamos ido con la derecha navarra para implicarles.<\/p>\n<p>I\u00f1igo Cavero que era de Cintru\u00e9nigo y de la Real sab\u00eda de qu\u00e9 hablaba. Y sab\u00eda que Madrid no parar\u00eda en medios para mantener desgajada Navarra de la CAV. Cuesti\u00f3n de estado.<span style=\"font-family: Arial;font-size: medium\">Para ello la br<\/span>unete medi\u00e1tica se emplear\u00e1 a fondo. O Barcina con apoyo del <span style=\"font-family: Arial;font-size: medium\">PSN o <\/span>el caos. Y el caos es ETA y sus ac\u00f3litos que ganan la batalla despu\u00e9s de muertos y eso en Madrid es inadmisible.<\/p>\n<p>Lo curioso es que hemos o\u00eddo hablar hasta la saciedad de que los navarros han de ser quienes elijan su futuro. Claro est\u00e1, se refer\u00edan a que desde la CAV no se interfiriera su navarridad. Y lo parad\u00f3jico es que ahora les dicen que no son quienes para decidir su futuro, que \u00e9ste se decide en Madrid. Lo acaba de decir Elena Valenciano y a pesar de que Roberto Jim\u00e9nez ha dicho eso de que el PSOE es \u00e9l, como Lu\u00eds XIV, veremos si resiste el pulso y veremos que dice P\u00e9rez Rubalcaba. Ya en su d\u00eda Jos\u00e9 Blanco les dijo a Chivite y a Fernando Puras que de pactos con los vascos nada. Pero exist\u00eda y actuaba ETA. Hoy, ante la nueva situaci\u00f3n veremos si son capaces de articular un discurso propio. De todas maneras hay que contrarrestar los bombazos de la Brunete medi\u00e1tica con datos sobre lo que ha supuesto la nefasta gesti\u00f3n de UPN en Navarra: corrupci\u00f3n, tr\u00e1fico de influencias, nepotismo, persecuci\u00f3n al euskera, mala gesti\u00f3n, dimisiones a granel, gesti\u00f3n sanitaria deficiente, p\u00e9rdida de la Caja de Ahorros de Navarra. En definitiva, el caos no es lo que va a venir, sino el caso son ellos. Por eso tratan de distraer la cuesti\u00f3n.<\/p>\n<!-- AddThis Advanced Settings generic via filter on the_content --><!-- AddThis Share Buttons generic via filter on the_content -->","protected":false},"excerpt":{"rendered":"<p>Viernes 12 de febrero de 2014 Lo dice el ministro del Interior. Ya lo sab\u00edamos. Se extra\u00f1an en Radio Euzkadi que haya salido en tromba Jorge Fern\u00e1ndez hablando de esto. Tiene su explicaci\u00f3n. Fue en su d\u00eda uno de los due\u00f1os del balneario de Fitero. Pero tambi\u00e9n dijo algo parecido quien fuera en su d\u00eda &hellip; <a href=\"https:\/\/blogs.deia.eus\/anasagasti\/2014\/02\/14\/navarra-es-estrategica-para-espana\/\" class=\"more-link\">Sigue leyendo <span class=\"screen-reader-text\">Navarra es estrat\u00e9gica para Espa\u00f1a<\/span><\/a><!-- AddThis Advanced Settings generic via filter on get_the_excerpt --><!-- AddThis Share Buttons generic via filter on get_the_excerpt --><\/p>\n","protected":false},"author":19,"featured_media":0,"comment_status":"open","ping_status":"open","sticky":false,"template":"","format":"standard","meta":{"footnotes":""},"categories":[1],"tags":[],"class_list":["post-4767","post","type-post","status-publish","format-standard","hentry","category-general"],"_links":{"self":[{"href":"https:\/\/blogs.deia.eus\/anasagasti\/wp-json\/wp\/v2\/posts\/4767","targetHints":{"allow":["GET"]}}],"collection":[{"href":"https:\/\/blogs.deia.eus\/anasagasti\/wp-json\/wp\/v2\/posts"}],"about":[{"href":"https:\/\/blogs.deia.eus\/anasagasti\/wp-json\/wp\/v2\/types\/post"}],"author":[{"embeddable":true,"href":"https:\/\/blogs.deia.eus\/anasagasti\/wp-json\/wp\/v2\/users\/19"}],"replies":[{"embeddable":true,"href":"https:\/\/blogs.deia.eus\/anasagasti\/wp-json\/wp\/v2\/comments?post=4767"}],"version-history":[{"count":2,"href":"https:\/\/blogs.deia.eus\/anasagasti\/wp-json\/wp\/v2\/posts\/4767\/revisions"}],"predecessor-version":[{"id":4769,"href":"https:\/\/blogs.deia.eus\/anasagasti\/wp-json\/wp\/v2\/posts\/4767\/revisions\/4769"}],"wp:attachment":[{"href":"https:\/\/blogs.deia.eus\/anasagasti\/wp-json\/wp\/v2\/media?parent=4767"}],"wp:term":[{"taxonomy":"category","embeddable":true,"href":"https:\/\/blogs.deia.eus\/anasagasti\/wp-json\/wp\/v2\/categories?post=4767"},{"taxonomy":"post_tag","embeddable":true,"href":"https:\/\/blogs.deia.eus\/anasagasti\/wp-json\/wp\/v2\/tags?post=4767"}],"curies":[{"name":"wp","href":"https:\/\/api.w.org\/{rel}","templated":true}]}}