{"id":4770,"date":"2014-02-15T14:52:03","date_gmt":"2014-02-15T12:52:03","guid":{"rendered":"http:\/\/blogs.deia.com\/anasagasti\/?p=4770"},"modified":"2014-02-15T14:52:03","modified_gmt":"2014-02-15T12:52:03","slug":"el-libro-de-azurmendi","status":"publish","type":"post","link":"https:\/\/blogs.deia.eus\/anasagasti\/2014\/02\/15\/el-libro-de-azurmendi\/","title":{"rendered":"El libro de Azurmendi"},"content":{"rendered":"<p><strong><span style=\"color: #000000\">S\u00e1bado 15 de febrero de 2014<\/span><\/strong><\/p>\n<p><span style=\"color: #000000\">He comprado y le\u00eddo el \u00faltimo libro de Jose F\u00e9lix Azurmendi \u201cVASCOS EN LA GUERRA FRIA\u201d. \u00bfV\u00cdCTIMAS O COMPLICES?. Gudaris en el Juego de los esp\u00edas\u201d. Lo edita Ttarttalo y se lee bien. La portada no me gusta, es como si fuera un informe.<\/span><\/p>\n<p><span style=\"color: #000000\">Creo es un aporte a la historia reciente que siempre ha girado sobre lo mismo. Se constata un buen trabajo de campo habiendo le\u00eddo Azurmendi decenas de cartas de Aguirre, Leizaola, Irujo e Irala que aportan una visi\u00f3n nueva de lo que hac\u00edan en el exilio y centrado casi todo en los Servicios de Inteligencia y la ayuda prestada por los vascos a los norteamericanos y a los brit\u00e1nicos. No s\u00e9 cu\u00e1l es la intenci\u00f3n de Azurmendi pero le ha salido un libro que aporta explicaciones a una pol\u00edtica subterr\u00e1nea que apenas se conoc\u00eda.<\/span><\/p>\n<p><span style=\"color: #000000\">Salen bien parados la figura de Irujo y Aguirre, no tanto la de Ajuriaguerra a cuenta de su enfrentamiento con Pepe Mitxelena, al servicio de Aguirre. Su sobrino Rekondo ha escrito un libro injusto con quien fuera presidente del Bizkai Buru Batzar, pero no est\u00e1 mal que estas cosas se vayan sacando y poniendo en su sitio. Lo que lamento es que este tipo de historias no se publicaran en vida de los protagonistas para que unos y otros hubieran puesto su contrapunto.<\/span><\/p>\n<p><span style=\"color: #000000\">Digo esto porque conoc\u00ed a Leizaola Irujo y a Ajuriaguerra y jam\u00e1s les escuch\u00e9 hablar de estos temas. Quiz\u00e1s el d\u00eda a d\u00eda de aquellos a\u00f1os de plomo y posteriormente el v\u00e9rtigo del inicio de la transici\u00f3n hizo que estas cosas quedaran en un cofre bajo siete llaves porque ya nada de esto iba a condicionar nada y adem\u00e1s, y con buen criterio, se quer\u00eda preservar el recuerdo de una generaci\u00f3n que hab\u00eda entregado su vida por una causa \u00abperdida\u00bb tras vivir con amargura las derrotas, deserciones y traiciones de todo tipo.<\/span><\/p>\n<p><span style=\"color: #000000\">Pero en el libro se habla de m\u00e1s cosas que de los Servicios. Hay informaciones y relatos interesantes sobre la postura de Franco en relaci\u00f3n a Gran Breta\u00f1a. Si Churchill hubiera apostado por la democracia en Espa\u00f1a, Franco no hubiera durado cuarenta a\u00f1os en el poder aunque bien es verdad que el patio republicano era un gallinero gracias a las peleas de Prieto con Negr\u00edn, la apuesta de Prieto por D. Juan, la guerra fr\u00eda, el comunismo como nuevo enemigo, el fusilamiento de Luis de \u00c1lava, las redes internas.<\/span><\/p>\n<p><span style=\"color: #000000\">Hay una alusi\u00f3n a una condecoraci\u00f3n a Flavio Ajuriaguerra que no es como se cuenta. Al hermano de Juan le ofrecieron una condecoraci\u00f3n los brit\u00e1nicos. Este sinti\u00e9ndose morir dijo que la aceptaba con la condici\u00f3n de que pudiera escribirlo en su esquela. Los ingleses dijeron que no, y no la acept\u00f3. Tambi\u00e9n habla Azurmendi al final del libro de Jokin Inza. Saca datos del libro que le edit\u00f3 la Fundaci\u00f3n Sabino Arana. Y es buena su alusi\u00f3n pues fue el gordo Inza un hombre entregado y no suficientemente correspondido.<\/span><\/p>\n<p><span style=\"color: #000000\">En fin que el libro es un buen aporte tras aquel de Itarko que tuvo muchas cr\u00edticas de sus contempor\u00e1neos, aquel hombre de Servicios que escribi\u00f3. \u00abEl Nacionalismo Vasco en La Paz y en La Guerra\u00bb.<\/span><\/p>\n<!-- AddThis Advanced Settings generic via filter on the_content --><!-- AddThis Share Buttons generic via filter on the_content -->","protected":false},"excerpt":{"rendered":"<p>S\u00e1bado 15 de febrero de 2014 He comprado y le\u00eddo el \u00faltimo libro de Jose F\u00e9lix Azurmendi \u201cVASCOS EN LA GUERRA FRIA\u201d. \u00bfV\u00cdCTIMAS O COMPLICES?. Gudaris en el Juego de los esp\u00edas\u201d. Lo edita Ttarttalo y se lee bien. La portada no me gusta, es como si fuera un informe. Creo es un aporte a &hellip; <a href=\"https:\/\/blogs.deia.eus\/anasagasti\/2014\/02\/15\/el-libro-de-azurmendi\/\" class=\"more-link\">Sigue leyendo <span class=\"screen-reader-text\">El libro de Azurmendi<\/span><\/a><!-- AddThis Advanced Settings generic via filter on get_the_excerpt --><!-- AddThis Share Buttons generic via filter on get_the_excerpt --><\/p>\n","protected":false},"author":19,"featured_media":0,"comment_status":"open","ping_status":"open","sticky":false,"template":"","format":"standard","meta":{"footnotes":""},"categories":[1],"tags":[],"class_list":["post-4770","post","type-post","status-publish","format-standard","hentry","category-general"],"_links":{"self":[{"href":"https:\/\/blogs.deia.eus\/anasagasti\/wp-json\/wp\/v2\/posts\/4770","targetHints":{"allow":["GET"]}}],"collection":[{"href":"https:\/\/blogs.deia.eus\/anasagasti\/wp-json\/wp\/v2\/posts"}],"about":[{"href":"https:\/\/blogs.deia.eus\/anasagasti\/wp-json\/wp\/v2\/types\/post"}],"author":[{"embeddable":true,"href":"https:\/\/blogs.deia.eus\/anasagasti\/wp-json\/wp\/v2\/users\/19"}],"replies":[{"embeddable":true,"href":"https:\/\/blogs.deia.eus\/anasagasti\/wp-json\/wp\/v2\/comments?post=4770"}],"version-history":[{"count":2,"href":"https:\/\/blogs.deia.eus\/anasagasti\/wp-json\/wp\/v2\/posts\/4770\/revisions"}],"predecessor-version":[{"id":4772,"href":"https:\/\/blogs.deia.eus\/anasagasti\/wp-json\/wp\/v2\/posts\/4770\/revisions\/4772"}],"wp:attachment":[{"href":"https:\/\/blogs.deia.eus\/anasagasti\/wp-json\/wp\/v2\/media?parent=4770"}],"wp:term":[{"taxonomy":"category","embeddable":true,"href":"https:\/\/blogs.deia.eus\/anasagasti\/wp-json\/wp\/v2\/categories?post=4770"},{"taxonomy":"post_tag","embeddable":true,"href":"https:\/\/blogs.deia.eus\/anasagasti\/wp-json\/wp\/v2\/tags?post=4770"}],"curies":[{"name":"wp","href":"https:\/\/api.w.org\/{rel}","templated":true}]}}