{"id":4773,"date":"2014-02-16T12:34:29","date_gmt":"2014-02-16T10:34:29","guid":{"rendered":"http:\/\/blogs.deia.com\/anasagasti\/?p=4773"},"modified":"2014-02-16T12:34:48","modified_gmt":"2014-02-16T10:34:48","slug":"manual-de-sobreanismo-catalan-para-embajadores-espanoles","status":"publish","type":"post","link":"https:\/\/blogs.deia.eus\/anasagasti\/2014\/02\/16\/manual-de-sobreanismo-catalan-para-embajadores-espanoles\/","title":{"rendered":"Manual de Soberanismo Catal\u00e1n para Embajadores Espa\u00f1oles"},"content":{"rendered":"<p><b><strong>Domingo 16 de febrero de 2014<\/strong><\/b><\/p>\n<p>El Govern replica el informe Margallo sobre el proceso catal\u00e1n.<\/p>\n<p>Ni el Departamento de la Presidencia ni, por supuesto, la inmensa mayor\u00eda de los catalanes siente animosidad alguna contra Espa\u00f1a ni contra los espa\u00f1oles, sino todo lo contrario. No se trata de romper nada, ni de levantar fronteras, ni de alejarnos, sino justamente de estrechar los lazos que nos unen en libertad, en un marco pol\u00edtico com\u00fan, el de la Uni\u00f3n Europea, en el que nadie se sienta subordinado o atado contra su voluntad. Por parte de Catalunya, la voluntad de concordia y de convivencia est\u00e1n, pues, m\u00e1s que aseguradas\u00bb. As\u00ed empieza el informe titulado <span style=\"font-family: Arial;font-size: medium\">Estrechar lazos en libertad, <\/span>elaborado por el Govern de la Generalitat para replicar al que distribuy\u00f3 el Ministerio de Asuntos Exteriores y Cooperaci\u00f3n por todas las embajadas y consulados de Espa\u00f1a en el mundo.<\/p>\n<p>El conseller de Presidencia, Francesc Homs, ha hecho llegar su contrainforme al ministro, Jos\u00e9 Manuel Garc\u00eda-Margallo, solicit\u00e1ndole que lo incluya en la documentaci\u00f3n que por valija diplom\u00e1tica hace llegar a todas las legaciones espa\u00f1olas. Considera el conseller que representando como representan los diplom\u00e1ticos al Estado y no al Gobierno y menos todav\u00eda al PP, deber\u00edan disponer de todas las aportaciones al debate sobre el proceso soberanista catal\u00e1n. Con esa intenci\u00f3n, el texto est\u00e1 redactado en castellano. El propio conseller Homs asegura haberlo escrito personalmente en sus ratos libres y se nota un esfuerzo no s\u00f3lo ling\u00fc\u00edstico sino tambi\u00e9n pol\u00edtico por buscar la complicidad del lector espa\u00f1ol, hasta el punto que llega a afirmar que \u00abser\u00eda absurdo concebir esta independencia como una v\u00eda de ruptura con Espa\u00f1a\u00bb. La r\u00e9plica del Govern al Ministerio de Exteriores se centra sobre todo en rechazar el juicio moral que hace el documento ministerial sobre las aspiraciones soberanistas y contraargumentar \u00abel papel casi m\u00edstico\u00bb que otorga el Gobierno espa\u00f1ol a la Constituci\u00f3n, y refutar que se reduzca a una minor\u00eda de la sociedad catalana la defensa de Catalunya como\u00bb sujeto pol\u00edtico. El texto incluye referencias a los contenciosos de Gibraltar, Sahara Occidental y Ceuta y Melilla.<\/p>\n<p>La cuesti\u00f3n es \u00ab\u00bfEl pueblo de Catalunya es un sujeto pol\u00edtico legitimado para <span style=\"font-family: Arial;font-size: medium\">tomar <\/span>una decisi\u00f3n colectiva como tal sujeto?\u00bb, la respuesta afirmativa se basa en la existencia de Catalunya previa a la Constituci\u00f3n: \u00abEl restablecimiento de la Generalitat -se\u00f1ala el documento- es anterior a la Constituci\u00f3n espa\u00f1ola y su legitimidad hist\u00f3rica por tanto no puede derivar de \u00e9sta\u00bb. Respecto a la representatividad, el informe del Govern constata que \u00aben Catalunya, lo que representa hoy el PP en relaci\u00f3n con la idea de Espa\u00f1a, o al papel que propone para la lengua catalana, constituye una exigua minor\u00eda\u00bb.<\/p>\n<p><span style=\"color: #000000;font-family: Calibri;font-size: medium\">\u00a0<\/span><\/p>\n<!-- AddThis Advanced Settings generic via filter on the_content --><!-- AddThis Share Buttons generic via filter on the_content -->","protected":false},"excerpt":{"rendered":"<p>Domingo 16 de febrero de 2014 El Govern replica el informe Margallo sobre el proceso catal\u00e1n. Ni el Departamento de la Presidencia ni, por supuesto, la inmensa mayor\u00eda de los catalanes siente animosidad alguna contra Espa\u00f1a ni contra los espa\u00f1oles, sino todo lo contrario. No se trata de romper nada, ni de levantar fronteras, ni &hellip; <a href=\"https:\/\/blogs.deia.eus\/anasagasti\/2014\/02\/16\/manual-de-sobreanismo-catalan-para-embajadores-espanoles\/\" class=\"more-link\">Sigue leyendo <span class=\"screen-reader-text\">Manual de Soberanismo Catal\u00e1n para Embajadores Espa\u00f1oles<\/span><\/a><!-- AddThis Advanced Settings generic via filter on get_the_excerpt --><!-- AddThis Share Buttons generic via filter on get_the_excerpt --><\/p>\n","protected":false},"author":19,"featured_media":0,"comment_status":"open","ping_status":"open","sticky":false,"template":"","format":"standard","meta":{"footnotes":""},"categories":[1],"tags":[],"class_list":["post-4773","post","type-post","status-publish","format-standard","hentry","category-general"],"_links":{"self":[{"href":"https:\/\/blogs.deia.eus\/anasagasti\/wp-json\/wp\/v2\/posts\/4773","targetHints":{"allow":["GET"]}}],"collection":[{"href":"https:\/\/blogs.deia.eus\/anasagasti\/wp-json\/wp\/v2\/posts"}],"about":[{"href":"https:\/\/blogs.deia.eus\/anasagasti\/wp-json\/wp\/v2\/types\/post"}],"author":[{"embeddable":true,"href":"https:\/\/blogs.deia.eus\/anasagasti\/wp-json\/wp\/v2\/users\/19"}],"replies":[{"embeddable":true,"href":"https:\/\/blogs.deia.eus\/anasagasti\/wp-json\/wp\/v2\/comments?post=4773"}],"version-history":[{"count":3,"href":"https:\/\/blogs.deia.eus\/anasagasti\/wp-json\/wp\/v2\/posts\/4773\/revisions"}],"predecessor-version":[{"id":4776,"href":"https:\/\/blogs.deia.eus\/anasagasti\/wp-json\/wp\/v2\/posts\/4773\/revisions\/4776"}],"wp:attachment":[{"href":"https:\/\/blogs.deia.eus\/anasagasti\/wp-json\/wp\/v2\/media?parent=4773"}],"wp:term":[{"taxonomy":"category","embeddable":true,"href":"https:\/\/blogs.deia.eus\/anasagasti\/wp-json\/wp\/v2\/categories?post=4773"},{"taxonomy":"post_tag","embeddable":true,"href":"https:\/\/blogs.deia.eus\/anasagasti\/wp-json\/wp\/v2\/tags?post=4773"}],"curies":[{"name":"wp","href":"https:\/\/api.w.org\/{rel}","templated":true}]}}