{"id":4777,"date":"2014-02-17T23:17:02","date_gmt":"2014-02-17T21:17:02","guid":{"rendered":"http:\/\/blogs.deia.com\/anasagasti\/?p=4777"},"modified":"2014-02-17T23:17:02","modified_gmt":"2014-02-17T21:17:02","slug":"los-venezolanos-que-viven-en-el-pais-vasco-protestan","status":"publish","type":"post","link":"https:\/\/blogs.deia.eus\/anasagasti\/2014\/02\/17\/los-venezolanos-que-viven-en-el-pais-vasco-protestan\/","title":{"rendered":"Los Venezolanos que viven en el Pa\u00eds Vasco protestan"},"content":{"rendered":"<p><b><strong><a href=\"http:\/\/blogs.deia.com\/anasagasti\/files\/2014\/02\/204.1.jpg\"><img loading=\"lazy\" decoding=\"async\" class=\"alignleft size-medium wp-image-4778\" alt=\"204.1\" src=\"http:\/\/blogs.deia.com\/anasagasti\/files\/2014\/02\/204.1-580x435.jpg\" width=\"580\" height=\"435\" srcset=\"https:\/\/blogs.deia.eus\/anasagasti\/files\/2014\/02\/204.1-580x435.jpg 580w, https:\/\/blogs.deia.eus\/anasagasti\/files\/2014\/02\/204.1.jpg 816w\" sizes=\"auto, (max-width: 580px) 100vw, 580px\" \/><\/a>Lunes 17 de febrero de 2014<\/strong><\/b><\/p>\n<p>El pasado domingo en la Plaza Levante de Bilbao se congregaron casi un centenar de venezolanos<span style=\"font-family: Arial;font-size: medium\">\u00a0 <\/span>para protestar por el clima de violencia suscitado en Venezuela por el gobierno del presidente Maduro y para poner en evidencia el clima de represi\u00f3n existente tras la muerte, en una<span style=\"font-family: Arial;font-size: medium\">manifestaci\u00f3n de tres estudiantes, as\u00ed como la muerte de dos salesianos v\u00edctimas del delito com<\/span>\u00fan desatado en Venezuela y que el gobierno es incapaz de controlar.<\/p>\n<p>Defensores de derechos humanos alertaron sobre las acciones represivas de la polic\u00eda y la pol\u00edtica de criminalizaci\u00f3n de la protesta, postura muy parecida a la expresada por Amnist\u00eda Internacional y la Comisi\u00f3n Interamericana de Derechos Humanos.<\/p>\n<p>Tom\u00f3 la palabra el presidente de \u00abVenezolanos en Bilbao\u00bb, Jean Carlos Gonz\u00e1lez, que anim\u00f3 a crear un estado de \u00e1nimo para que internacionalmente se conozca lo que est\u00e1 ocurriendo en su pa\u00eds as\u00ed como en la necesidad de ir estructurando una organizaci\u00f3n que responda a estos llamamientos. Invitado a hablar el senador Anasagasti \u00e9ste dijo que los medios venezolanos que le llaman se quejan de la falta de noticias que tienen, siendo m\u00e1s la informaci\u00f3n que se publica en el exterior que en la propia Caracas. \u201cDe ah\u00ed la importancia -dijo el senador- que no se sientan solos y sepan que pocos o muchos estamos con ellos\u201d. Tambi\u00e9n record\u00f3 que \u201cBol\u00edvar vivi\u00f3 un a\u00f1o de su vida en Bilbao y que eso obliga a decirle al r\u00e9gimen de Maduro que el Libertador escribi\u00f3 que \u00bbla prensa era la artiller\u00eda del pensamiento\u201d y que en una democracia las \u00fanicas armas ten\u00edan que ser el voto y la palabra, no la represi\u00f3n, la muerte y la eliminaci\u00f3n de la libertad de expresi\u00f3n\u201d.<\/p>\n<p>Posteriormente intervinieron varios venezolanos dando ideas y se form\u00f3 en el suelo un SOS hecho con los all\u00ed presentes.<\/p>\n<!-- AddThis Advanced Settings generic via filter on the_content --><!-- AddThis Share Buttons generic via filter on the_content -->","protected":false},"excerpt":{"rendered":"<p>Lunes 17 de febrero de 2014 El pasado domingo en la Plaza Levante de Bilbao se congregaron casi un centenar de venezolanos\u00a0 para protestar por el clima de violencia suscitado en Venezuela por el gobierno del presidente Maduro y para poner en evidencia el clima de represi\u00f3n existente tras la muerte, en unamanifestaci\u00f3n de tres &hellip; <a href=\"https:\/\/blogs.deia.eus\/anasagasti\/2014\/02\/17\/los-venezolanos-que-viven-en-el-pais-vasco-protestan\/\" class=\"more-link\">Sigue leyendo <span class=\"screen-reader-text\">Los Venezolanos que viven en el Pa\u00eds Vasco protestan<\/span><\/a><!-- AddThis Advanced Settings generic via filter on get_the_excerpt --><!-- AddThis Share Buttons generic via filter on get_the_excerpt --><\/p>\n","protected":false},"author":19,"featured_media":0,"comment_status":"open","ping_status":"open","sticky":false,"template":"","format":"standard","meta":{"footnotes":""},"categories":[1],"tags":[],"class_list":["post-4777","post","type-post","status-publish","format-standard","hentry","category-general"],"_links":{"self":[{"href":"https:\/\/blogs.deia.eus\/anasagasti\/wp-json\/wp\/v2\/posts\/4777","targetHints":{"allow":["GET"]}}],"collection":[{"href":"https:\/\/blogs.deia.eus\/anasagasti\/wp-json\/wp\/v2\/posts"}],"about":[{"href":"https:\/\/blogs.deia.eus\/anasagasti\/wp-json\/wp\/v2\/types\/post"}],"author":[{"embeddable":true,"href":"https:\/\/blogs.deia.eus\/anasagasti\/wp-json\/wp\/v2\/users\/19"}],"replies":[{"embeddable":true,"href":"https:\/\/blogs.deia.eus\/anasagasti\/wp-json\/wp\/v2\/comments?post=4777"}],"version-history":[{"count":2,"href":"https:\/\/blogs.deia.eus\/anasagasti\/wp-json\/wp\/v2\/posts\/4777\/revisions"}],"predecessor-version":[{"id":4780,"href":"https:\/\/blogs.deia.eus\/anasagasti\/wp-json\/wp\/v2\/posts\/4777\/revisions\/4780"}],"wp:attachment":[{"href":"https:\/\/blogs.deia.eus\/anasagasti\/wp-json\/wp\/v2\/media?parent=4777"}],"wp:term":[{"taxonomy":"category","embeddable":true,"href":"https:\/\/blogs.deia.eus\/anasagasti\/wp-json\/wp\/v2\/categories?post=4777"},{"taxonomy":"post_tag","embeddable":true,"href":"https:\/\/blogs.deia.eus\/anasagasti\/wp-json\/wp\/v2\/tags?post=4777"}],"curies":[{"name":"wp","href":"https:\/\/api.w.org\/{rel}","templated":true}]}}