{"id":4788,"date":"2014-02-20T15:53:35","date_gmt":"2014-02-20T13:53:35","guid":{"rendered":"http:\/\/blogs.deia.com\/anasagasti\/?p=4788"},"modified":"2014-02-20T15:53:35","modified_gmt":"2014-02-20T13:53:35","slug":"es-catolico-el-nuncio-del-vaticano-en-madrid","status":"publish","type":"post","link":"https:\/\/blogs.deia.eus\/anasagasti\/2014\/02\/20\/es-catolico-el-nuncio-del-vaticano-en-madrid\/","title":{"rendered":"\u00bfEs cat\u00f3lico el Nuncio del Vaticano en Madrid?"},"content":{"rendered":"<p><b><strong><a href=\"http:\/\/blogs.deia.com\/anasagasti\/files\/2014\/02\/135.14.jpg\"><img loading=\"lazy\" decoding=\"async\" class=\"alignleft size-medium wp-image-4789\" alt=\"135.14\" src=\"http:\/\/blogs.deia.com\/anasagasti\/files\/2014\/02\/135.14-580x386.jpg\" width=\"580\" height=\"386\" srcset=\"https:\/\/blogs.deia.eus\/anasagasti\/files\/2014\/02\/135.14-580x386.jpg 580w, https:\/\/blogs.deia.eus\/anasagasti\/files\/2014\/02\/135.14.jpg 800w\" sizes=\"auto, (max-width: 580px) 100vw, 580px\" \/><\/a>Jueves 20 de febrero de 2014<\/strong><\/b><\/p>\n<p>Lo digo porque la religi\u00f3n cat\u00f3lica es universal, y no local, y ya s\u00e9 que el Nuncio del Vaticano representa a su peque\u00f1o estado, pero su dimensi\u00f3n, te\u00f3ricamente es universal. En Espa\u00f1a es, como en otros pa\u00edses, el decano del Cuerpo Diplom\u00e1tico. Lo que no sab\u00eda es que era tan pelota.<\/p>\n<p>El mi\u00e9rcoles tuvo lugar en el Palacio Real la recepci\u00f3n anual al Cuerpo Diplom\u00e1tico dada por el Rey. La noticia fue que el rey ley\u00f3 bien, no se cay\u00f3, y solo llev\u00f3 una muleta. Lo que dijo, pas\u00f3 desapercibido. Un poco antes, el lehendakari Urkullu, contestando una pregunta hab\u00eda dicho que \u00e9ste se\u00f1or, \u201cni arbitra, ni modera nada\u00bb. Pero eso s\u00ed. Ah\u00ed sigue y seguir\u00e1 si su cadera no le obliga a andar con el taca taca.<\/p>\n<p>Le contest\u00f3 el Nuncio en Madrid, un italiano, Renzo Fratini que se permiti\u00f3 apoyar al rey, decidido a no abdicar, cuando ley\u00f3 lo siguiente: \u00abestamos convencidos de que su liderazgo y buen hacer son indispensables para un presente tranquilo y un presente pr\u00f3spero\u00bb.<\/p>\n<p>Est\u00e1 muy mal que un sacerdote mienta en p\u00fablico. Porque si cree lo que dijo, \u00bfestuvo de acuerdo con la dimisi\u00f3n del Papa Benedicto XVI?. Estoy seguro que la v\u00edspera de la dimisi\u00f3n de Ratzinger si a Renzo Fratini le hubi\u00e9ramos preguntado si le parec\u00eda bien que el Papa deb\u00eda renunciar<span style=\"font-family: Arial;font-size: medium\">a su papado nos hubiera contestado y preguntado si est<\/span>\u00e1bamos locos, que un Papa es para todala vida, y sin embargo, el mi\u00e9rcoles y sabiendo que el rey est\u00e1 hecho unos zorros, se ingiere y dice semejante falsedad que nadie se cree, empezando por \u00e9l.<\/p>\n<p>No sab\u00eda que ten\u00edamos un Nuncio de su Santidad tan mentiroso y metepatas. Nada que ver con Francisco.<\/p>\n<p><span style=\"color: #000000;font-family: Calibri\">\u00a0<\/span><\/p>\n<!-- AddThis Advanced Settings generic via filter on the_content --><!-- AddThis Share Buttons generic via filter on the_content -->","protected":false},"excerpt":{"rendered":"<p>Jueves 20 de febrero de 2014 Lo digo porque la religi\u00f3n cat\u00f3lica es universal, y no local, y ya s\u00e9 que el Nuncio del Vaticano representa a su peque\u00f1o estado, pero su dimensi\u00f3n, te\u00f3ricamente es universal. En Espa\u00f1a es, como en otros pa\u00edses, el decano del Cuerpo Diplom\u00e1tico. Lo que no sab\u00eda es que era &hellip; <a href=\"https:\/\/blogs.deia.eus\/anasagasti\/2014\/02\/20\/es-catolico-el-nuncio-del-vaticano-en-madrid\/\" class=\"more-link\">Sigue leyendo <span class=\"screen-reader-text\">\u00bfEs cat\u00f3lico el Nuncio del Vaticano en Madrid?<\/span><\/a><!-- AddThis Advanced Settings generic via filter on get_the_excerpt --><!-- AddThis Share Buttons generic via filter on get_the_excerpt --><\/p>\n","protected":false},"author":19,"featured_media":0,"comment_status":"open","ping_status":"open","sticky":false,"template":"","format":"standard","meta":{"footnotes":""},"categories":[1],"tags":[],"class_list":["post-4788","post","type-post","status-publish","format-standard","hentry","category-general"],"_links":{"self":[{"href":"https:\/\/blogs.deia.eus\/anasagasti\/wp-json\/wp\/v2\/posts\/4788","targetHints":{"allow":["GET"]}}],"collection":[{"href":"https:\/\/blogs.deia.eus\/anasagasti\/wp-json\/wp\/v2\/posts"}],"about":[{"href":"https:\/\/blogs.deia.eus\/anasagasti\/wp-json\/wp\/v2\/types\/post"}],"author":[{"embeddable":true,"href":"https:\/\/blogs.deia.eus\/anasagasti\/wp-json\/wp\/v2\/users\/19"}],"replies":[{"embeddable":true,"href":"https:\/\/blogs.deia.eus\/anasagasti\/wp-json\/wp\/v2\/comments?post=4788"}],"version-history":[{"count":2,"href":"https:\/\/blogs.deia.eus\/anasagasti\/wp-json\/wp\/v2\/posts\/4788\/revisions"}],"predecessor-version":[{"id":4791,"href":"https:\/\/blogs.deia.eus\/anasagasti\/wp-json\/wp\/v2\/posts\/4788\/revisions\/4791"}],"wp:attachment":[{"href":"https:\/\/blogs.deia.eus\/anasagasti\/wp-json\/wp\/v2\/media?parent=4788"}],"wp:term":[{"taxonomy":"category","embeddable":true,"href":"https:\/\/blogs.deia.eus\/anasagasti\/wp-json\/wp\/v2\/categories?post=4788"},{"taxonomy":"post_tag","embeddable":true,"href":"https:\/\/blogs.deia.eus\/anasagasti\/wp-json\/wp\/v2\/tags?post=4788"}],"curies":[{"name":"wp","href":"https:\/\/api.w.org\/{rel}","templated":true}]}}