{"id":4792,"date":"2014-02-21T23:57:01","date_gmt":"2014-02-21T21:57:01","guid":{"rendered":"http:\/\/blogs.deia.com\/anasagasti\/?p=4792"},"modified":"2014-02-21T23:57:01","modified_gmt":"2014-02-21T21:57:01","slug":"reconoce-el-gobierno-espanol-el-suministro-del-material-antidisturbios-utilizado-en-las-recientes-manifestaciones-ocurridas-en-caracas-venezuela","status":"publish","type":"post","link":"https:\/\/blogs.deia.eus\/anasagasti\/2014\/02\/21\/reconoce-el-gobierno-espanol-el-suministro-del-material-antidisturbios-utilizado-en-las-recientes-manifestaciones-ocurridas-en-caracas-venezuela\/","title":{"rendered":"\u201c\u00bfReconoce el Gobierno espa\u00f1ol el suministro del material antidisturbios utilizado en las recientes manifestaciones ocurridas en Caracas (Venezuela)?\u201d"},"content":{"rendered":"<p><strong><span style=\"color: #000000\">Grupo Vasco Senado<\/span><\/strong><\/p>\n<p><strong><span style=\"color: #000000\">Viernes 21 de febrero de 2014<\/span><\/strong><\/p>\n<p><strong><span style=\"color: #000000\">El <\/span><span style=\"font-family: Arial;font-size: medium\">s<\/span><span style=\"color: #000000\">enador I\u00f1aki Anasagasti, miembro del Grupo Parlamentario Vasco (EAJ-PNV) en el Senado, ha presentado <\/span><span style=\"font-family: Arial;font-size: medium\">una pregunta para su respuesta <\/span><span style=\"color: #000000\">por escrito sobre <\/span><span style=\"font-family: Arial;font-size: medium\">si el Gobierno espa\u00f1ol reconoce el suministro del material antidisturbios utilizado en las recientes manifestaciones ocurridas en Caracas (Venezuela). <\/span><\/strong><\/p>\n<p><i><span style=\"text-decoration: underline\"><span style=\"color: #000000\">Texto de la pregunta registrada:<\/span><\/span><\/i><\/p>\n<p>Tras las recientes manifestaciones ocurridas en Caracas (Venezuela) donde se produjeron tres muertes y m\u00e1s de sesenta heridos en encuentros con la polic\u00eda venezolana que las reprimi\u00f3 con chorros de agua, perdigonazos, gases lacrim\u00f3genos caducados, que tienen mayor alcance y son m\u00e1s t\u00f3xicos, miembros de la organizaci\u00f3n Provea e informaciones en la prensa venezolana acusaron al Gobierno espa\u00f1ol de suministrar este material antidisturbios a la polic\u00eda bolivariana. Pero no solo ellos, sino asimismo defensores de los derechos humanos est\u00e1n alertando sobre las acciones represivas de la polic\u00eda y la pol\u00edtica de criminalizaci\u00f3n de la protesta, postura muy parecida a la manifestada por Amnist\u00eda Internacional y la Comisi\u00f3n Interamericana de Derechos Humanos.<\/p>\n<p>Ante estos hechos \u00bfreconoce el Gobierno espa\u00f1ol la suministraci\u00f3n de este material represivo?. Si no es as\u00ed, \u00bfpor qu\u00e9 no ha rectificado inmediatamente dicha informaci\u00f3n?<\/p>\n<!-- AddThis Advanced Settings generic via filter on the_content --><!-- AddThis Share Buttons generic via filter on the_content -->","protected":false},"excerpt":{"rendered":"<p>Grupo Vasco Senado Viernes 21 de febrero de 2014 El senador I\u00f1aki Anasagasti, miembro del Grupo Parlamentario Vasco (EAJ-PNV) en el Senado, ha presentado una pregunta para su respuesta por escrito sobre si el Gobierno espa\u00f1ol reconoce el suministro del material antidisturbios utilizado en las recientes manifestaciones ocurridas en Caracas (Venezuela). Texto de la pregunta &hellip; <a href=\"https:\/\/blogs.deia.eus\/anasagasti\/2014\/02\/21\/reconoce-el-gobierno-espanol-el-suministro-del-material-antidisturbios-utilizado-en-las-recientes-manifestaciones-ocurridas-en-caracas-venezuela\/\" class=\"more-link\">Sigue leyendo <span class=\"screen-reader-text\">\u201c\u00bfReconoce el Gobierno espa\u00f1ol el suministro del material antidisturbios utilizado en las recientes manifestaciones ocurridas en Caracas (Venezuela)?\u201d<\/span><\/a><!-- AddThis Advanced Settings generic via filter on get_the_excerpt --><!-- AddThis Share Buttons generic via filter on get_the_excerpt --><\/p>\n","protected":false},"author":19,"featured_media":0,"comment_status":"open","ping_status":"open","sticky":false,"template":"","format":"standard","meta":{"footnotes":""},"categories":[1],"tags":[],"class_list":["post-4792","post","type-post","status-publish","format-standard","hentry","category-general"],"_links":{"self":[{"href":"https:\/\/blogs.deia.eus\/anasagasti\/wp-json\/wp\/v2\/posts\/4792","targetHints":{"allow":["GET"]}}],"collection":[{"href":"https:\/\/blogs.deia.eus\/anasagasti\/wp-json\/wp\/v2\/posts"}],"about":[{"href":"https:\/\/blogs.deia.eus\/anasagasti\/wp-json\/wp\/v2\/types\/post"}],"author":[{"embeddable":true,"href":"https:\/\/blogs.deia.eus\/anasagasti\/wp-json\/wp\/v2\/users\/19"}],"replies":[{"embeddable":true,"href":"https:\/\/blogs.deia.eus\/anasagasti\/wp-json\/wp\/v2\/comments?post=4792"}],"version-history":[{"count":3,"href":"https:\/\/blogs.deia.eus\/anasagasti\/wp-json\/wp\/v2\/posts\/4792\/revisions"}],"predecessor-version":[{"id":4795,"href":"https:\/\/blogs.deia.eus\/anasagasti\/wp-json\/wp\/v2\/posts\/4792\/revisions\/4795"}],"wp:attachment":[{"href":"https:\/\/blogs.deia.eus\/anasagasti\/wp-json\/wp\/v2\/media?parent=4792"}],"wp:term":[{"taxonomy":"category","embeddable":true,"href":"https:\/\/blogs.deia.eus\/anasagasti\/wp-json\/wp\/v2\/categories?post=4792"},{"taxonomy":"post_tag","embeddable":true,"href":"https:\/\/blogs.deia.eus\/anasagasti\/wp-json\/wp\/v2\/tags?post=4792"}],"curies":[{"name":"wp","href":"https:\/\/api.w.org\/{rel}","templated":true}]}}