{"id":4797,"date":"2014-02-23T19:45:37","date_gmt":"2014-02-23T17:45:37","guid":{"rendered":"http:\/\/blogs.deia.com\/anasagasti\/?p=4797"},"modified":"2014-02-23T19:45:37","modified_gmt":"2014-02-23T17:45:37","slug":"quiere-el-gobierno-espanol-resucitar-a-eta","status":"publish","type":"post","link":"https:\/\/blogs.deia.eus\/anasagasti\/2014\/02\/23\/quiere-el-gobierno-espanol-resucitar-a-eta\/","title":{"rendered":"\u00bfQuiere el Gobierno Espa\u00f1ol resucitar a ETA?"},"content":{"rendered":"<p><b><strong><a href=\"http:\/\/blogs.deia.com\/anasagasti\/files\/2014\/02\/222.14.jpg\"><img loading=\"lazy\" decoding=\"async\" class=\"alignleft size-medium wp-image-4798\" alt=\"222.14\" src=\"http:\/\/blogs.deia.com\/anasagasti\/files\/2014\/02\/222.14-580x247.jpg\" width=\"580\" height=\"247\" srcset=\"https:\/\/blogs.deia.eus\/anasagasti\/files\/2014\/02\/222.14-580x247.jpg 580w, https:\/\/blogs.deia.eus\/anasagasti\/files\/2014\/02\/222.14-940x401.jpg 940w\" sizes=\"auto, (max-width: 580px) 100vw, 580px\" \/><\/a>Domingo 23 de febrero de 2014<\/strong><\/b><\/p>\n<p>Parecer\u00eda. No <span style=\"font-family: Arial;font-size: medium\">se <\/span>puede actuar con mayor torpeza. No solo la gente del PP insulta a los verificadores sino que les obliga a declarar como testigos con la excusa de que den datos a la Audiencia sobre los miembros de ETA con los que estuvieron y el lugar donde tienen las armas. Como si el final dialogado, como dec\u00eda el Pacto de Ajuria Enea firmado por Mayor Oreja, no requiriera pinzas en lugar de guantes de boxeo. \u00a1Qu\u00e9 error, que inmenso error!.<\/p>\n<p>Se ve que en el Madrid pol\u00edtico no quieren la normalizaci\u00f3n de Euzkadi. Lo dem\u00e1s no actuar\u00eda tan torpemente. Ni tan pu\u00f1eteramente. Ni tan obstaculizadoramente. \u00bfQuieren hacer a la gente de ETA los m\u00e1rtires de la pel\u00edcula? Parecer\u00eda. Lo de Durango fue en un matadero, a pesar de que renunciaran a solicitar una amnist\u00eda general como as\u00ed lo hab\u00edan estado solicitando. Lo del Carlton fue una teatralizaci\u00f3n de mercenarios pagados por no sabemos qui\u00e9n. Solo la guardia civil tiene la palabra y la verificaci\u00f3n.<\/p>\n<p>Muchachos, la historia no es as\u00ed y por eso naci\u00f3 ETA en 1960. Ante la cerraz\u00f3n mental y la violencia institucional, la violencia de respuesta. Lo malo es que sigui\u00f3 una vez muerto el dictador. Y de lo que se trata es que acabe de una vez y para siempre. Pero el Madrid pol\u00edtico, el PP, no lo quiere. Ni acercamiento de presos, ni verificadores, ni observaci\u00f3n internacional. Son asesinos, que aunque la mayor\u00eda han cumplido largamente sus condenas, hay que machacarlos y no dar ni una sola oportunidad a la paz. Ni una sola. John Lennon, te equivocaste.<\/p>\n<p>No se dan cuenta la p\u00e9sima imagen que proyectan internacionalmente. Si los verificadores, personas muy solventes y reconocidas ya dijeron que era incomprensible la falta de ayuda del gobierno con este llamamiento para que comparezcan ante la Audiencia, se cubren de gloria y sin hacer buena a ETA, le da peana para que el malo de la pel\u00edcula, ahora que no ejercitan el terror, pase a otras manos. El poli bueno y el poli malo, pasan de acera. Incre\u00edble, pero cierto.<\/p>\n<p>La Espa\u00f1a eterna que denunci\u00f3 Machado, cubierta de andrajos, sigue ah\u00ed. Y ETA frot\u00e1ndose las manos.<\/p>\n<!-- AddThis Advanced Settings generic via filter on the_content --><!-- AddThis Share Buttons generic via filter on the_content -->","protected":false},"excerpt":{"rendered":"<p>Domingo 23 de febrero de 2014 Parecer\u00eda. No se puede actuar con mayor torpeza. No solo la gente del PP insulta a los verificadores sino que les obliga a declarar como testigos con la excusa de que den datos a la Audiencia sobre los miembros de ETA con los que estuvieron y el lugar donde &hellip; <a href=\"https:\/\/blogs.deia.eus\/anasagasti\/2014\/02\/23\/quiere-el-gobierno-espanol-resucitar-a-eta\/\" class=\"more-link\">Sigue leyendo <span class=\"screen-reader-text\">\u00bfQuiere el Gobierno Espa\u00f1ol resucitar a ETA?<\/span><\/a><!-- AddThis Advanced Settings generic via filter on get_the_excerpt --><!-- AddThis Share Buttons generic via filter on get_the_excerpt --><\/p>\n","protected":false},"author":19,"featured_media":0,"comment_status":"open","ping_status":"open","sticky":false,"template":"","format":"standard","meta":{"footnotes":""},"categories":[1],"tags":[],"class_list":["post-4797","post","type-post","status-publish","format-standard","hentry","category-general"],"_links":{"self":[{"href":"https:\/\/blogs.deia.eus\/anasagasti\/wp-json\/wp\/v2\/posts\/4797","targetHints":{"allow":["GET"]}}],"collection":[{"href":"https:\/\/blogs.deia.eus\/anasagasti\/wp-json\/wp\/v2\/posts"}],"about":[{"href":"https:\/\/blogs.deia.eus\/anasagasti\/wp-json\/wp\/v2\/types\/post"}],"author":[{"embeddable":true,"href":"https:\/\/blogs.deia.eus\/anasagasti\/wp-json\/wp\/v2\/users\/19"}],"replies":[{"embeddable":true,"href":"https:\/\/blogs.deia.eus\/anasagasti\/wp-json\/wp\/v2\/comments?post=4797"}],"version-history":[{"count":2,"href":"https:\/\/blogs.deia.eus\/anasagasti\/wp-json\/wp\/v2\/posts\/4797\/revisions"}],"predecessor-version":[{"id":4800,"href":"https:\/\/blogs.deia.eus\/anasagasti\/wp-json\/wp\/v2\/posts\/4797\/revisions\/4800"}],"wp:attachment":[{"href":"https:\/\/blogs.deia.eus\/anasagasti\/wp-json\/wp\/v2\/media?parent=4797"}],"wp:term":[{"taxonomy":"category","embeddable":true,"href":"https:\/\/blogs.deia.eus\/anasagasti\/wp-json\/wp\/v2\/categories?post=4797"},{"taxonomy":"post_tag","embeddable":true,"href":"https:\/\/blogs.deia.eus\/anasagasti\/wp-json\/wp\/v2\/tags?post=4797"}],"curies":[{"name":"wp","href":"https:\/\/api.w.org\/{rel}","templated":true}]}}