{"id":4809,"date":"2014-03-02T19:07:49","date_gmt":"2014-03-02T17:07:49","guid":{"rendered":"http:\/\/blogs.deia.com\/anasagasti\/?p=4809"},"modified":"2014-03-02T19:07:49","modified_gmt":"2014-03-02T17:07:49","slug":"dos-programas-de-television-sobre-el-23-f","status":"publish","type":"post","link":"https:\/\/blogs.deia.eus\/anasagasti\/2014\/03\/02\/dos-programas-de-television-sobre-el-23-f\/","title":{"rendered":"Dos programas de televisi\u00f3n sobre el 23-F"},"content":{"rendered":"<p><b><strong><a href=\"http:\/\/blogs.deia.com\/anasagasti\/files\/2014\/03\/232.14.jpg\"><img loading=\"lazy\" decoding=\"async\" class=\"alignleft size-medium wp-image-4810\" alt=\"232.14\" src=\"http:\/\/blogs.deia.com\/anasagasti\/files\/2014\/03\/232.14-580x434.jpg\" width=\"580\" height=\"434\" srcset=\"https:\/\/blogs.deia.eus\/anasagasti\/files\/2014\/03\/232.14-580x434.jpg 580w, https:\/\/blogs.deia.eus\/anasagasti\/files\/2014\/03\/232.14.jpg 622w\" sizes=\"auto, (max-width: 580px) 100vw, 580px\" \/><\/a>Domingo 3 de marzo de 2014<\/strong><\/b><\/p>\n<p>El domingo se cumplieron 33 a\u00f1os del conocido como 23-F. Y hubo dos programas en la televisi\u00f3n en la misma franja. Era dif\u00edcil decidir cual ver. Yo lo ten\u00eda claro. El pasado mes de octubre me llamaron del equipo de Jordi \u00c9vole por si quer\u00eda participar en una simulaci\u00f3n televisiva. Acept\u00e9. Debe ser un g\u00e9nero puesto en marcha en otros pa\u00edses. Consiste en contar la misma historia conocida con otro gui\u00f3n. En este caso el 23-F diciendo que era una simulaci\u00f3n y que varios se hab\u00edan puesto de acuerdo para quitarle a Su\u00e1rez, reforzar al rey<span style=\"font-size: medium\"><span style=\"font-family: Arial\">\u00a0 y <\/span><\/span>montar un gobierno presidido por Armada bajo el gui\u00f3n de Jos\u00e9 Luis Garci que era al director de aque\u00adlla simulaci\u00f3n con ensayo previo.<\/p>\n<p>Para m\u00ed el elemento fundamental de la simulaci\u00f3n la daba Garci con sus veros\u00edmiles explicaciones, sin desde\u00f1ar las intervenciones de los dem\u00e1s que fueron bien actuadas.<\/p>\n<p>Estuve una hora grabando esta pel\u00edcula en la biblioteca del senado. Aparec\u00ed al principio. No me sacaron la petici\u00f3n de Peces Barba a Marcos Vizcaya para que apoy\u00e1ramos el sainete. La respuesta de Arzalluz cuando le dijeron que iba a ser un general el protagonista respondi\u00f3 el por qu\u00e9 no un obispo. Tambi\u00e9n habl\u00e9 de la implicaci\u00f3n del rey. No debi\u00f3 gustar y no lo sacaron.<\/p>\n<p>Todo el relato debi\u00f3 estar cre\u00edble pues recib\u00ed cuatro watsapp y dos llamadas adem\u00e1s de los de casa. Pero \u201c\u00bfes verdad eso?\u201d No lo era pero se le parec\u00eda mucho. Del 23 F nada se sabe de su trama civil que no fue investigada y nada se sabe oficialmente de la implicaci\u00f3n del rey que ning\u00fan historiador pone en duda.<\/p>\n<p>El coloquio posterior fue flojo y acad\u00e9mico. Eduardo Serra, l\u00f1aki Gabilondo y Garbi\u00f1e Biurrun. Eduardo Serra jact\u00e1ndose de no haber desclasificado pruebas contra Gonz\u00e1lez sobre el Gal, defendiendo a su Majestad vomitivamente, y comport\u00e1ndose como uno de los responsables de la opacidad y del encubrimiento de delitos de su \u00e9poca de ministro de defensa. Un indeseable para una democracia que dice defender. Gabilondo y Biurrun bien, pero sin arriesgar nada. Una pena de coloquio.<\/p>\n<p>Buen coloquio el de la Cuatro con Iker Jim\u00e9nez y los contertulios que llev\u00f3 para hablar de lo mismo pero con militares y un periodista de c\u00e1mara como Baltasar Magro. Me gust\u00f3, por valiente, la intervenci\u00f3n de quien fuera comandante de una secci\u00f3n del Cesid de apellido, Rando. \u00c9ste fue muy claro. Dijo que lo hab\u00edan desplazado de su unidad para poner a otro involucrado en el golpe y que ese d\u00eda tuvo que atenderle a su sustituto que le cont\u00f3 de pe a pa lo que hab\u00eda hecho el Cesid. A ra\u00edz de esta informaci\u00f3n quisieron comprarle y al negarse, quisieron secuestrarle y matarle. Gan\u00f3 un juicio y ah\u00ed estaba largando de lo m\u00e1s bien diciendo que el cerebro del golpe hab\u00eda sido el Cesid por su capacidad de an\u00e1lisis, de relaci\u00f3n con estamentos y operatividad y que Tejero hab\u00eda sido la an\u00e9cdota macabra. Le dio la raz\u00f3n en parte otro comandante de inteligencia como Fernando San Agust\u00edn, un mon\u00e1rquico de los que creen todav\u00eda que el rey no se enter\u00f3 de nada, como Baltasar Magro que no hacia m\u00e1s que interrumpir groseramente y defender al rey. Complet\u00f3 el cuadro el periodista Palacio que lleva escritos dos libros sobre la involucraci\u00f3n del rey en toda la algarada y al que no dejaba hablar Magro.<\/p>\n<p>Este debate fue mil veces m\u00e1s interesante que el de \u00c9vole. Una pena.<\/p>\n<p>En definitiva, que estamos como est\u00e1bamos. Sin que los verdaderos culpables del 23-F hayan pagado sus graves culpas.<\/p>\n<!-- AddThis Advanced Settings generic via filter on the_content --><!-- AddThis Share Buttons generic via filter on the_content -->","protected":false},"excerpt":{"rendered":"<p>Domingo 3 de marzo de 2014 El domingo se cumplieron 33 a\u00f1os del conocido como 23-F. Y hubo dos programas en la televisi\u00f3n en la misma franja. Era dif\u00edcil decidir cual ver. Yo lo ten\u00eda claro. El pasado mes de octubre me llamaron del equipo de Jordi \u00c9vole por si quer\u00eda participar en una simulaci\u00f3n &hellip; <a href=\"https:\/\/blogs.deia.eus\/anasagasti\/2014\/03\/02\/dos-programas-de-television-sobre-el-23-f\/\" class=\"more-link\">Sigue leyendo <span class=\"screen-reader-text\">Dos programas de televisi\u00f3n sobre el 23-F<\/span><\/a><!-- AddThis Advanced Settings generic via filter on get_the_excerpt --><!-- AddThis Share Buttons generic via filter on get_the_excerpt --><\/p>\n","protected":false},"author":19,"featured_media":0,"comment_status":"open","ping_status":"open","sticky":false,"template":"","format":"standard","meta":{"footnotes":""},"categories":[1],"tags":[],"class_list":["post-4809","post","type-post","status-publish","format-standard","hentry","category-general"],"_links":{"self":[{"href":"https:\/\/blogs.deia.eus\/anasagasti\/wp-json\/wp\/v2\/posts\/4809","targetHints":{"allow":["GET"]}}],"collection":[{"href":"https:\/\/blogs.deia.eus\/anasagasti\/wp-json\/wp\/v2\/posts"}],"about":[{"href":"https:\/\/blogs.deia.eus\/anasagasti\/wp-json\/wp\/v2\/types\/post"}],"author":[{"embeddable":true,"href":"https:\/\/blogs.deia.eus\/anasagasti\/wp-json\/wp\/v2\/users\/19"}],"replies":[{"embeddable":true,"href":"https:\/\/blogs.deia.eus\/anasagasti\/wp-json\/wp\/v2\/comments?post=4809"}],"version-history":[{"count":2,"href":"https:\/\/blogs.deia.eus\/anasagasti\/wp-json\/wp\/v2\/posts\/4809\/revisions"}],"predecessor-version":[{"id":4812,"href":"https:\/\/blogs.deia.eus\/anasagasti\/wp-json\/wp\/v2\/posts\/4809\/revisions\/4812"}],"wp:attachment":[{"href":"https:\/\/blogs.deia.eus\/anasagasti\/wp-json\/wp\/v2\/media?parent=4809"}],"wp:term":[{"taxonomy":"category","embeddable":true,"href":"https:\/\/blogs.deia.eus\/anasagasti\/wp-json\/wp\/v2\/categories?post=4809"},{"taxonomy":"post_tag","embeddable":true,"href":"https:\/\/blogs.deia.eus\/anasagasti\/wp-json\/wp\/v2\/tags?post=4809"}],"curies":[{"name":"wp","href":"https:\/\/api.w.org\/{rel}","templated":true}]}}