{"id":4815,"date":"2014-03-07T21:51:36","date_gmt":"2014-03-07T19:51:36","guid":{"rendered":"http:\/\/blogs.deia.com\/anasagasti\/?p=4815"},"modified":"2014-03-07T21:51:36","modified_gmt":"2014-03-07T19:51:36","slug":"una-vergonzosa-claudicacion","status":"publish","type":"post","link":"https:\/\/blogs.deia.eus\/anasagasti\/2014\/03\/07\/una-vergonzosa-claudicacion\/","title":{"rendered":"Una vergonzosa claudicaci\u00f3n"},"content":{"rendered":"<p><b><strong>Viernes 7 de marzo de 2014<\/strong><\/b><\/p>\n<p>No s\u00e9 por qu\u00e9, si les iban a prohibir presentar la moci\u00f3n de censura a Barcina, les han dejado dos meses que nos enga\u00f1en y enga\u00f1en a la sociedad navarra como si el PSN fuera un partido navarro. No lo es. Primera constataci\u00f3n. Forma parte del PSOE y ya Elena Valenciano lo dijo: \u201cCon Bildu, ni a heredar\u201d. Crearon el monstruo, y el monstruo se los comi\u00f3. Y es que la historia del PSN es la historia de una claudicaci\u00f3n continua.<\/p>\n<p>Se separaron en 1979 del Partido Socialista de Euzkadi para formar el Partido Socialista de Navarra. Urralburu y Arbeloa fueron los creadores del Frankestein. Urralburu para poder robar mejor y Arbeloa por antivasquismo primario.<\/p>\n<p>Se apoyaron y apoyaron a UPN a cuenta de ETA. Los creadores del Gal prefirieron la derecha navarra y navarrista, a una modernizaci\u00f3n de la Comunidad Navarra. Cuando Ota\u00f1o estaba a punto de cuajar con Ardanza un \u00d3rgano Com\u00fan de Encuentro, le encuentran una cuenta en Suiza que echa a rodar todo al abismo. Fue curiosa aquella noticia. El Cesid trabaj\u00f3 a tope.<\/p>\n<p>A Fernando Puras no le dejaron pactar en 2007 y eso que no hab\u00eda elecciones a la vista. Por lo menos Pepi\u00f1o Blanco viaj\u00f3 a Iru\u00f1a y a Chivite y a Puras les hicieron pasar por las horcas caudinas de la m\u00e1xima humillaci\u00f3n. Chivite al poco muri\u00f3.<\/p>\n<p>Se repite la jugada en 2014 despu\u00e9s de haber dicho Jim\u00e9nez que el PSOE es \u00e9l y de haberle pedido Barcina a Rubalcaba que pusiera orden en su casa.<\/p>\n<p>Todo una verg\u00fcenza inconmensurable.<\/p>\n<p>Con el PSN ya no se puede hacer nada pol\u00edticamente. Pertenece al \u00e1mbito de UPH, PP y al navarrismo primario. EI secreto es que los del otro lado de la barrera, tengan la suficiente inteligencia pol\u00edtica en no asustar a ese mundo, en captarlo y sintonizar con los deseos de la sociedad navarra. Y el cambio se puede dar el a\u00f1o que viene, sin el PP, sin UPN y sin el PSN. Esa es la clave.<\/p>\n<!-- AddThis Advanced Settings generic via filter on the_content --><!-- AddThis Share Buttons generic via filter on the_content -->","protected":false},"excerpt":{"rendered":"<p>Viernes 7 de marzo de 2014 No s\u00e9 por qu\u00e9, si les iban a prohibir presentar la moci\u00f3n de censura a Barcina, les han dejado dos meses que nos enga\u00f1en y enga\u00f1en a la sociedad navarra como si el PSN fuera un partido navarro. No lo es. Primera constataci\u00f3n. Forma parte del PSOE y ya &hellip; <a href=\"https:\/\/blogs.deia.eus\/anasagasti\/2014\/03\/07\/una-vergonzosa-claudicacion\/\" class=\"more-link\">Sigue leyendo <span class=\"screen-reader-text\">Una vergonzosa claudicaci\u00f3n<\/span><\/a><!-- AddThis Advanced Settings generic via filter on get_the_excerpt --><!-- AddThis Share Buttons generic via filter on get_the_excerpt --><\/p>\n","protected":false},"author":19,"featured_media":0,"comment_status":"open","ping_status":"open","sticky":false,"template":"","format":"standard","meta":{"footnotes":""},"categories":[1],"tags":[],"class_list":["post-4815","post","type-post","status-publish","format-standard","hentry","category-general"],"_links":{"self":[{"href":"https:\/\/blogs.deia.eus\/anasagasti\/wp-json\/wp\/v2\/posts\/4815","targetHints":{"allow":["GET"]}}],"collection":[{"href":"https:\/\/blogs.deia.eus\/anasagasti\/wp-json\/wp\/v2\/posts"}],"about":[{"href":"https:\/\/blogs.deia.eus\/anasagasti\/wp-json\/wp\/v2\/types\/post"}],"author":[{"embeddable":true,"href":"https:\/\/blogs.deia.eus\/anasagasti\/wp-json\/wp\/v2\/users\/19"}],"replies":[{"embeddable":true,"href":"https:\/\/blogs.deia.eus\/anasagasti\/wp-json\/wp\/v2\/comments?post=4815"}],"version-history":[{"count":2,"href":"https:\/\/blogs.deia.eus\/anasagasti\/wp-json\/wp\/v2\/posts\/4815\/revisions"}],"predecessor-version":[{"id":4817,"href":"https:\/\/blogs.deia.eus\/anasagasti\/wp-json\/wp\/v2\/posts\/4815\/revisions\/4817"}],"wp:attachment":[{"href":"https:\/\/blogs.deia.eus\/anasagasti\/wp-json\/wp\/v2\/media?parent=4815"}],"wp:term":[{"taxonomy":"category","embeddable":true,"href":"https:\/\/blogs.deia.eus\/anasagasti\/wp-json\/wp\/v2\/categories?post=4815"},{"taxonomy":"post_tag","embeddable":true,"href":"https:\/\/blogs.deia.eus\/anasagasti\/wp-json\/wp\/v2\/tags?post=4815"}],"curies":[{"name":"wp","href":"https:\/\/api.w.org\/{rel}","templated":true}]}}