{"id":4818,"date":"2014-03-08T21:52:56","date_gmt":"2014-03-08T19:52:56","guid":{"rendered":"http:\/\/blogs.deia.com\/anasagasti\/?p=4818"},"modified":"2014-03-08T21:52:56","modified_gmt":"2014-03-08T19:52:56","slug":"careo-en-davos","status":"publish","type":"post","link":"https:\/\/blogs.deia.eus\/anasagasti\/2014\/03\/08\/careo-en-davos\/","title":{"rendered":"Careo en Davos"},"content":{"rendered":"<p><b><strong>S\u00e1bado 8 de marzo de 2014<\/strong><\/b><\/p>\n<p>A Carlos V no le gust\u00f3 la idea de su hijo Felipe II de elegir Madrid como capital de las Espa\u00f1as <span style=\"font-family: Arial;font-size: medium\">y <\/span>antes de morir le recomend\u00f3 trasladara la capital a Lisboa. Esta ciudad era en ese momento el mayor puerto de Europa y Don Carlos quer\u00eda <span style=\"font-family: Arial;font-size: medium\">consolidar la uni\u00f3n<\/span> peninsular pensando en la asimilaci\u00f3n del reino y en el comercio con Am\u00e9rica. Pero el viejo emperador se muri\u00f3 en Yuste sin que su hijo, obsesionado por su Escorial, le hiciera caso. A fin de cuentas para el poderoso hijo de Felipe el Hermoso y de D\u00f1a. Juana la Loca, el portugu\u00e9s era un castellano machacado y las ventajas de la ubicaci\u00f3n de Lisboa eran claras. Quer\u00eda tambi\u00e9n cortar con la creciente animosidad de Lusitania con el resto de Espa\u00f1a de la que le dec\u00edan los portugueses que de all\u00ed\u00bbno vienen ni buenos vientos, ni buenos casamientos\u201d. La diferencia ling\u00fc\u00edstica del euskera con el portugu\u00e9s y el castellano es abismal y si hubiera sido o por una guerra o por un casamiento, Euzkadi hoy ser\u00eda un estado m\u00e1s de Europa.<\/p>\n<p>Manuel de Irujo en sus tiempos de exilio Iondinense conjuntamente con el ex primer ministro portugu\u00e9s Cortesao, el nacionalista gallego Alfonso Castelao y los pol\u00edticos catalanes Batista i Roca y Pi i Su\u00f1er, escribieron un libro titulado \u00abLa Comunidad Ib\u00e9rica de Naciones\u00bb. La tesis que defend\u00edan era que Galicia, Euzkadi, Catalunya, Portugal y Espa\u00f1a pod\u00edan convivir confederalmente como una comunidad Ib\u00e9rica de Naciones. El ejemplar fue editado en EKIN de Buenos Aires.<\/p>\n<p>Quedamos pues en que si Felipe II le hubiera hecho caso a su padre Carlos V y si despu\u00e9s de la guerra mundial y ante las dictaduras portuguesas de Oliveira Salazar y de Franco, los aliados le hubieran hecho caso a Don Manuel, el presidente de la Comisi\u00f3n Europea, Jose Manuel Durao Barroso, no hubiera dicho la majader\u00eda que expres\u00f3 en Londres el pasado 16 de febrero al decir que la adhesi\u00f3n de una Escocia independiente a la Uni\u00f3n Europea seria \u00abextremadamente dif\u00edcil, si no imposible\u00bb, pues deber\u00eda contar con el apoyo de todos los socios comunitarios. No dijo Barroso nada sobre como se le quitar\u00eda el euro a una zona que ya la tiene, no es el caso de Escocia, ni complet\u00f3 su racionamiento sobre Kosovo. Les guste o no, Kosovo formar\u00e1 parte, en relativamente poco tiempo, de la Uni\u00f3n Europea y con permiso de Serbia. \u00a1Qu\u00e9 remedio!.<\/p>\n<p>Por su parte el jefe de informaci\u00f3n econ\u00f3mica internacional del \u201cThe Daily Telegraph\u201d Ambrose Evans-Pritchard, ex corresponsal en EE.UU. y en Bruselas escribi\u00f3. \u201cSe equivoca gravemente quien crea que la Uni\u00f3n Europea ayudar\u00e1 a aniquilar a los catalanes\u201d.<\/p>\n<p>Cena privada en el Hotel Intercontinental de Davos el pasado d\u00eda 23 de enero. Los pr\u00edncipes de Noruega, <strong><span style=\"font-size: medium\">Haakon<\/span><\/strong> y <strong><span style=\"font-size: medium\">Mette-Marit<\/span><\/strong>, saludan en la entrada, pero no se quedan. S\u00ed acude el principal invitado, el presidente de la Comisi\u00f3n Europea, <strong><span style=\"font-size: medium\">Jose Manuel Dur\u00e3o Barroso<\/span><\/strong>, que tiene ante s\u00ed a decenas de asistentes, entre ellos empresarios, inversores y economistas.<\/p>\n<p>La cena estaba destinada a hablar de la Uni\u00f3n Europea y Dur\u00e3o, que ya hab\u00eda protagonizado horas antes un debate p\u00fablico hablando m\u00e1s que ning\u00fan otro ponente, estaba a sus anchas exponiendo su visi\u00f3n de la UE y su necesidad de mejora de la competitividad. Pero cuando termin\u00f3 y tras alguna intervenci\u00f3n r\u00e1pida, tom\u00f3 el micr\u00f3fono fuera de lo previsto un habitual de Davos, el economista catal\u00e1n <span style=\"font-family: Arial;font-size: medium\">Xavier Sala-i-Mart\u00edn<\/span>.<\/p>\n<p>Este profesor de la Universidad de Columbia es una personalidad en el Foro Econ\u00f3mico Mundial. Dirige el informe anual sobre competitividad y es ponente y gur\u00fa habitual en los debates de Davos, pero compatibiliza su labor docente e investigadora con un creciente activismo en favor de la independencia de Catalu\u00f1a.<\/p>\n<p>Despu\u00e9s de Durao Barroso le toc\u00f3 hablar a Sala-i Mart\u00edn. Principalmente habl\u00f3 de la crisis econ\u00f3mica y la competitividad de Europa. No ten\u00eda previsto hacerlo pero, al escuchar el discurso de Durao Barroso, decidi\u00f3 a\u00f1adir un comentario final. En Davos donde todas las ideas se pueden discutir educadamente, utiliz\u00f3 la \u00faltima parte de su discurso para hacerle una pregunta al presidente de la UE. Sus palabras literales fueron:<\/p>\n<p>\u201cSr Durao Barroso, aplaudo y comparto su discurso sobre las bondades de la democracia en Europa y entiendo que saque pecho por el exitoso proceso de ampliaci\u00f3n a pa\u00edses como Croacia y Serbia. Es muy importante que Europa sea cada vez m\u00e1s grande, tenga cada vez m\u00e1s ciudadanos y sea cada d\u00eda m\u00e1s democr\u00e1tica. Pero hay una cosa que no entiendo. Croacia y Serbia han conseguido la independencia a trav\u00e9s de sangrientas guerras, con abundantes cr\u00edmenes contra la humanidad que est\u00e1n siendo juzgados por el tribunal de la Haya. Como usted sabe (porque nos conocemos), aunque yo est\u00e9 en la delegaci\u00f3n norteamericana, soy originario de Barcelona. Le menciono este detalle porque mis compatriotas catalanes est\u00e1n pidiendo un refer\u00e9ndum que les permita decidir si quieren seguir en Espa\u00f1a o prefieren ir por otro camino. En medio de este proceso usted, se\u00f1or Barroso, ha dicho que si los catalanes votan a favor de la independencia, autom\u00e1ticamente quedar\u00e1n fuera de Europa. Yo no tengo nada contra los ciudadanos de los Balcanes pero le pregunto<span style=\"font-family: Arial;font-size: medium\">: \u00bfDe verdad que la Europa democr\u00e1tica de la que usted se siente tan orgulloso es una Europa que celebra la incorporaci\u00f3n de pa\u00edses que consiguen la independencia a trav\u00e9s de cruentas guerras pero amenaza con la expulsi\u00f3n a quien busca lo mismo a trav\u00e9s de los votos?<\/span>\u201d El p\u00fablico presente aplaudi\u00f3.<\/p>\n<p>Aunque no estaba prevista su r\u00e9plica, Durao Barroso se levant\u00f3 r\u00e1pidamente y, amablemente, le contest\u00f3:<\/p>\n<p>\u201cQuerido Xavier, tu sabes que yo amo a Catalunya y a los catalanes. Y creo que los catalanes tambi\u00e9n lo saben. Lo \u00fanico que yo he dicho es que la UE es una uni\u00f3n de estados y quien forma parte de los tratados es el estado espa\u00f1ol por lo que, si Catalunya pasara a ser un estado distinto de Espa\u00f1a, no podr\u00eda formar parte <span style=\"font-family: Arial;font-size: medium\">autom\u00e1ticamente<\/span> de la UE\u201d. Es m\u00e1s, a\u00f1adi\u00f3, \u201cla mayor\u00eda de instituciones internacionales, como las Naciones Unidas, tambi\u00e9n son acuerdos entre estados y, por lo tanto, tienen el mismo problema.\u201d<\/p>\n<p>La moderadora le concedi\u00f3 a Sala i Mart\u00edn el derecho a r\u00e9plica y le devolvi\u00f3 el micr\u00f3fono:<\/p>\n<p>\u201cSe\u00f1or Presidente, tiene raz\u00f3n usted: la UE no es la \u00fanica instituci\u00f3n internacional que tiene este problema. Es verdad que todos los pa\u00edses que se han independizado violentamente acaban formando parte de las Naciones Unidas con toda normalidad. Pero eso no deber\u00eda ser motivo de orgullo sino de verg\u00fcenza, no solo para la UE sino para toda la humanidad. <span style=\"font-family: Arial;font-size: medium\">\u00bfNo va siendo hora de que, como seres humanos libres y democr\u00e1ticos, empecemos a rechazar las fronteras trazadas con sangre y violencia y a aceptar las que se dibujan con los votos de los ciudadanos?<\/span> Yo creo que s\u00ed. Es m\u00e1s, pienso que como en tantas otras ocasiones a lo largo de la historia, ese proceso deber\u00eda ser liderado por Europa. Esa podr\u00eda ser una de las bases sobre las que se fundamente el nuevo renacimiento de Europa\u201d<\/p>\n<p>Y a\u00f1adi\u00f3: \u201cDicho esto, es verdad que la UE es una uni\u00f3n de estados pero los tratados no est\u00e1n escritos en piedra. Es m\u00e1s, <span style=\"font-family: Arial;font-size: medium\">detr\u00e1s de esos estados est\u00e1n las personas y ahora hay 7 millones ciudadanos europeos, que tienen un pasaporte granate en cuya tapa delantera est\u00e1n escritas las palabras Uni\u00f3n Europea, y que usted amenaza con expulsar.<\/span> Cuando esos ciudadanos le pregunten a usted, \u00bfpor qu\u00e9 me quitan la ciudadan\u00eda europea y se la dan a serbios y croatas?, usted les va a tener que responder: <span style=\"font-family: Arial;font-size: medium\">\u00a1es que vosotros tuvisteis la osad\u00eda de votar y eso, los tratados europeos no lo toleran!. <\/span>Y cuando lo haga, \u00bfc\u00f3mo cree que el resto del mundo valorar\u00e1 los valores democr\u00e1ticos de la nueva Europa de la que usted se siente tan orgulloso? \u00bfEs esa la Europa que est\u00e1n ustedes haciendo renacer? Por qu\u00e9 si lo es, el primero que no quiere ser europeo soy yo\u201d. El p\u00fablico guard\u00f3 un inc\u00f3modo silencio hasta que la moderadora dio paso al siguiente ponente.<\/p>\n<p>Al acabar la sesi\u00f3n, Durao Barroso se acerc\u00f3 a la mesa de Sala-i Mart\u00edn y se sent\u00f3 a su lado. Hablaron durante un buen rato\u2026 aunque esa conversaci\u00f3n es privada y ha dicho que no va a revelar su contenido. Seguramente Durao Barroso le dio la raz\u00f3n, por su magn\u00edfica intervenci\u00f3n. Ah\u00ed queda.<\/p>\n<p><span style=\"color: #000000;font-family: Calibri;font-size: medium\">\u00a0<\/span><\/p>\n<!-- AddThis Advanced Settings generic via filter on the_content --><!-- AddThis Share Buttons generic via filter on the_content -->","protected":false},"excerpt":{"rendered":"<p>S\u00e1bado 8 de marzo de 2014 A Carlos V no le gust\u00f3 la idea de su hijo Felipe II de elegir Madrid como capital de las Espa\u00f1as y antes de morir le recomend\u00f3 trasladara la capital a Lisboa. Esta ciudad era en ese momento el mayor puerto de Europa y Don Carlos quer\u00eda consolidar la &hellip; <a href=\"https:\/\/blogs.deia.eus\/anasagasti\/2014\/03\/08\/careo-en-davos\/\" class=\"more-link\">Sigue leyendo <span class=\"screen-reader-text\">Careo en Davos<\/span><\/a><!-- AddThis Advanced Settings generic via filter on get_the_excerpt --><!-- AddThis Share Buttons generic via filter on get_the_excerpt --><\/p>\n","protected":false},"author":19,"featured_media":0,"comment_status":"open","ping_status":"open","sticky":false,"template":"","format":"standard","meta":{"footnotes":""},"categories":[1],"tags":[],"class_list":["post-4818","post","type-post","status-publish","format-standard","hentry","category-general"],"_links":{"self":[{"href":"https:\/\/blogs.deia.eus\/anasagasti\/wp-json\/wp\/v2\/posts\/4818","targetHints":{"allow":["GET"]}}],"collection":[{"href":"https:\/\/blogs.deia.eus\/anasagasti\/wp-json\/wp\/v2\/posts"}],"about":[{"href":"https:\/\/blogs.deia.eus\/anasagasti\/wp-json\/wp\/v2\/types\/post"}],"author":[{"embeddable":true,"href":"https:\/\/blogs.deia.eus\/anasagasti\/wp-json\/wp\/v2\/users\/19"}],"replies":[{"embeddable":true,"href":"https:\/\/blogs.deia.eus\/anasagasti\/wp-json\/wp\/v2\/comments?post=4818"}],"version-history":[{"count":2,"href":"https:\/\/blogs.deia.eus\/anasagasti\/wp-json\/wp\/v2\/posts\/4818\/revisions"}],"predecessor-version":[{"id":4820,"href":"https:\/\/blogs.deia.eus\/anasagasti\/wp-json\/wp\/v2\/posts\/4818\/revisions\/4820"}],"wp:attachment":[{"href":"https:\/\/blogs.deia.eus\/anasagasti\/wp-json\/wp\/v2\/media?parent=4818"}],"wp:term":[{"taxonomy":"category","embeddable":true,"href":"https:\/\/blogs.deia.eus\/anasagasti\/wp-json\/wp\/v2\/categories?post=4818"},{"taxonomy":"post_tag","embeddable":true,"href":"https:\/\/blogs.deia.eus\/anasagasti\/wp-json\/wp\/v2\/tags?post=4818"}],"curies":[{"name":"wp","href":"https:\/\/api.w.org\/{rel}","templated":true}]}}