{"id":4832,"date":"2014-03-11T22:36:55","date_gmt":"2014-03-11T20:36:55","guid":{"rendered":"http:\/\/blogs.deia.com\/anasagasti\/?p=4832"},"modified":"2014-03-11T22:36:55","modified_gmt":"2014-03-11T20:36:55","slug":"crimea-el-enclave-ruso-de-ucrania","status":"publish","type":"post","link":"https:\/\/blogs.deia.eus\/anasagasti\/2014\/03\/11\/crimea-el-enclave-ruso-de-ucrania\/","title":{"rendered":"Crimea, el Enclave Ruso de Ucrania"},"content":{"rendered":"<p><strong><span style=\"color: #000000\"><a href=\"http:\/\/blogs.deia.com\/anasagasti\/files\/2014\/03\/259.141.jpg\"><img loading=\"lazy\" decoding=\"async\" class=\"alignleft size-full wp-image-4833\" alt=\"259.14\" src=\"http:\/\/blogs.deia.com\/anasagasti\/files\/2014\/03\/259.141.jpg\" width=\"387\" height=\"387\" srcset=\"https:\/\/blogs.deia.eus\/anasagasti\/files\/2014\/03\/259.141.jpg 387w, https:\/\/blogs.deia.eus\/anasagasti\/files\/2014\/03\/259.141-150x150.jpg 150w\" sizes=\"auto, (max-width: 387px) 100vw, 387px\" \/><\/a><\/span><\/strong><\/p>\n<p>&nbsp;<\/p>\n<p>&nbsp;<\/p>\n<p>&nbsp;<\/p>\n<p>&nbsp;<\/p>\n<p>&nbsp;<\/p>\n<p>&nbsp;<\/p>\n<p>&nbsp;<\/p>\n<p><strong><span style=\"color: #000000\">Martes 11 de marzo de 2014<\/span><\/strong><\/p>\n<p><span style=\"color: #000000\">Se trata de una regi\u00f3n estrat\u00e9gica en la que est\u00e1 la flota rusa del Mar Negro<\/span><\/p>\n<p><span style=\"color: #000000;font-size: medium\">La historia de Crimea est\u00e1 marcada por las numerosas invasiones que ha sufrido a lo largo de los siglos (griega, romana, bizantina, turca, alemana&#8230;) y, m\u00e1s recientemente, por su pertenencia a Ucrania y su hist\u00f3rica vinculaci\u00f3n y relaci\u00f3n con Rusia. Ahora, con la revuelta proeuropea que el pasado s\u00e1bado acab\u00f3 con el r\u00e9gimen del prorruso Viktor Yanukovich, la rep\u00fablica aut\u00f3noma de Crimea, ha cobrado un especial protagonismo. Poblada por dos millones de personas, la mayor\u00eda rusoparlantes, Crimea pertenece a Ucrania desde hace apenas 70 a\u00f1os, cuando, en 1954, el dirigente sovi\u00e9tico Nikita Jrushchov la transfiri\u00f3 de la Rep\u00fablica Sovi\u00e9tica Rusa a la Rep\u00fablica Sovi\u00e9tica de Ucrania.<\/span><\/p>\n<p><span style=\"color: #000000;font-size: medium\">En aquel momento, ambas pertenec\u00edan a la URSS, pero la desintegraci\u00f3n del campo sovi\u00e9tico convirti\u00f3 Crimea en un foco de tensi\u00f3n entre Rusia y Ucrania. En 1992, el legislativo ruso aprob\u00f3 una resoluci\u00f3n que anulaba la cesi\u00f3n de Crimea a Ucrania de 1954, pero Kiev insisti\u00f3 en mantenerla bajo su control y tutela administrativa. La Constituci\u00f3n de 1996 dot\u00f3 a la regi\u00f3n de cierta autonom\u00eda, pero impidi\u00f3 cualquier legislaci\u00f3n contraria a la administraci\u00f3n ucraniana.<\/span><\/p>\n<p><span style=\"color: #000000;font-size: medium\">A pesar de la desintegraci\u00f3n de la URSS en 1991, en la pen\u00ednsula de Crimea qued\u00f3, en cambio, la base de la flota rusa del Mar Negro, lo que convierte a Crimea en un lugar estrat\u00e9gico. En 2010, tras a\u00f1os de litigios, los parlamentos de los dos pa\u00edses llegaron a un acuerdo que preve\u00eda prolongar esa presencia hasta 2042 a cambio de una reducci\u00f3n del 30% en el precio del gas ruso.<\/span><\/p>\n<p><span style=\"color: #000000;font-size: medium\">Actualmente, el partido mayoritario en la Rada (Parlamento) de Crimea es el Partido de las Regiones, la formaci\u00f3n de Yanukovich. Y en la oposici\u00f3n, entre otros, est\u00e1n los t\u00e1rtaros, que representan el 12% de la poblaci\u00f3n. Tras la instalaci\u00f3n del r\u00e9gimen comunista en 1917, estos fueron deportados por Stalin a Siberia y Asia Central, pero regresaron con la independencia. Hoy en d\u00eda reclaman una reforma constitucional que reconozca sus derechos y han apoyado las manifestaciones proeuropeas.<\/span><\/p>\n<!-- AddThis Advanced Settings generic via filter on the_content --><!-- AddThis Share Buttons generic via filter on the_content -->","protected":false},"excerpt":{"rendered":"<p>&nbsp; &nbsp; &nbsp; &nbsp; &nbsp; &nbsp; &nbsp; Martes 11 de marzo de 2014 Se trata de una regi\u00f3n estrat\u00e9gica en la que est\u00e1 la flota rusa del Mar Negro La historia de Crimea est\u00e1 marcada por las numerosas invasiones que ha sufrido a lo largo de los siglos (griega, romana, bizantina, turca, alemana&#8230;) y, m\u00e1s &hellip; <a href=\"https:\/\/blogs.deia.eus\/anasagasti\/2014\/03\/11\/crimea-el-enclave-ruso-de-ucrania\/\" class=\"more-link\">Sigue leyendo <span class=\"screen-reader-text\">Crimea, el Enclave Ruso de Ucrania<\/span><\/a><!-- AddThis Advanced Settings generic via filter on get_the_excerpt --><!-- AddThis Share Buttons generic via filter on get_the_excerpt --><\/p>\n","protected":false},"author":19,"featured_media":0,"comment_status":"open","ping_status":"open","sticky":false,"template":"","format":"standard","meta":{"footnotes":""},"categories":[1],"tags":[],"class_list":["post-4832","post","type-post","status-publish","format-standard","hentry","category-general"],"_links":{"self":[{"href":"https:\/\/blogs.deia.eus\/anasagasti\/wp-json\/wp\/v2\/posts\/4832","targetHints":{"allow":["GET"]}}],"collection":[{"href":"https:\/\/blogs.deia.eus\/anasagasti\/wp-json\/wp\/v2\/posts"}],"about":[{"href":"https:\/\/blogs.deia.eus\/anasagasti\/wp-json\/wp\/v2\/types\/post"}],"author":[{"embeddable":true,"href":"https:\/\/blogs.deia.eus\/anasagasti\/wp-json\/wp\/v2\/users\/19"}],"replies":[{"embeddable":true,"href":"https:\/\/blogs.deia.eus\/anasagasti\/wp-json\/wp\/v2\/comments?post=4832"}],"version-history":[{"count":2,"href":"https:\/\/blogs.deia.eus\/anasagasti\/wp-json\/wp\/v2\/posts\/4832\/revisions"}],"predecessor-version":[{"id":4835,"href":"https:\/\/blogs.deia.eus\/anasagasti\/wp-json\/wp\/v2\/posts\/4832\/revisions\/4835"}],"wp:attachment":[{"href":"https:\/\/blogs.deia.eus\/anasagasti\/wp-json\/wp\/v2\/media?parent=4832"}],"wp:term":[{"taxonomy":"category","embeddable":true,"href":"https:\/\/blogs.deia.eus\/anasagasti\/wp-json\/wp\/v2\/categories?post=4832"},{"taxonomy":"post_tag","embeddable":true,"href":"https:\/\/blogs.deia.eus\/anasagasti\/wp-json\/wp\/v2\/tags?post=4832"}],"curies":[{"name":"wp","href":"https:\/\/api.w.org\/{rel}","templated":true}]}}