{"id":4836,"date":"2014-03-12T22:20:16","date_gmt":"2014-03-12T20:20:16","guid":{"rendered":"http:\/\/blogs.deia.com\/anasagasti\/?p=4836"},"modified":"2014-03-12T22:20:16","modified_gmt":"2014-03-12T20:20:16","slug":"cinco-partidos-politicos-del-estado-espanol-apoyan-la-democracia-en-venezuela","status":"publish","type":"post","link":"https:\/\/blogs.deia.eus\/anasagasti\/2014\/03\/12\/cinco-partidos-politicos-del-estado-espanol-apoyan-la-democracia-en-venezuela\/","title":{"rendered":"Cinco partidos pol\u00edticos del Estado Espa\u00f1ol apoyan la democracia en Venezuela"},"content":{"rendered":"<p><b><strong><span style=\"color: #000000\"><a href=\"http:\/\/blogs.deia.com\/anasagasti\/files\/2014\/03\/Convocatoria-manifestaci\u00f3n-bilbao.jpg\"><img loading=\"lazy\" decoding=\"async\" class=\"alignleft size-medium wp-image-4837\" style=\"width: 193px\" alt=\"Convocatoria manifestaci\u00f3n bilbao\" src=\"http:\/\/blogs.deia.com\/anasagasti\/files\/2014\/03\/Convocatoria-manifestaci\u00f3n-bilbao-580x802.jpg\" width=\"580\" height=\"322\" \/><\/a><\/span><\/strong><\/b><a href=\"http:\/\/blogs.deia.com\/anasagasti\/files\/2014\/03\/Convocatoria-manifestaci\u00f3n-Donostia.jpg\"><img loading=\"lazy\" decoding=\"async\" class=\"alignleft size-thumbnail wp-image-4838\" style=\"width: 257px\" alt=\"Convocatoria manifestaci\u00f3n Donostia\" src=\"http:\/\/blogs.deia.com\/anasagasti\/files\/2014\/03\/Convocatoria-manifestaci\u00f3n-Donostia-150x150.jpg\" width=\"150\" height=\"335\" \/><\/a><\/p>\n<p>&nbsp;<\/p>\n<p>&nbsp;<\/p>\n<p>&nbsp;<\/p>\n<p>&nbsp;<\/p>\n<p>&nbsp;<\/p>\n<p><strong>Mi\u00e9rcoles 12 de marzo de 2014<\/strong><strong><\/strong><\/p>\n<p><span style=\"color: #000000\">En el Congreso de los Diputados, el pasado martes 11 de marzo, se discuti\u00f3 una iniciativa parlamentaria con objeto de dar apoyo a la democracia en Venezuela.<span style=\"font-family: Arial;font-size: medium\">\u00a0 <\/span>Los partidos pol\u00edticos mayoritarios, Partido Popular, Partido Socialista; Partido Nacionalista Vasco, Convergencia i Unio, Uni\u00f3n progreso y democracia y Uni\u00f3n del Pueblo Navarro, apoyaron la iniciativa que transcribo a continuaci\u00f3n:<\/span><\/p>\n<p><b><strong><span style=\"color: #000000\">Enmienda Transacional a la Proposici\u00f3n no de Ley del Grupo Parlamentario de Uni\u00f3n, Progreso y Democracia, para que el Gobierno de Espa\u00f1a reclame al Gobierno de la Rep\u00fablica Bolivariana de Venezuela el respeto a los principios universales de la democracia, del Estado de Derecho y de los Derechos Humanos (N\u00ba de expediente 162\/000887)<\/span><\/strong><\/b><\/p>\n<p><span style=\"color: #000000\">1.- Condenar el uso de la violencia y la tr\u00e1gica p\u00e9rdida de vidas humanas en Venezuela en las manifestaciones que han tenido lugar desde el mes de febrero.<\/span><\/p>\n<p><span style=\"color: #000000\">2.- Pedir al Gobierno de la Rep\u00fablica Bolivariana de Venezuela el respeto a los principios universales de la democracia, del Estado de derecho y de los Derechos Humanos, que comprometen a todos los reg\u00edmenes democr\u00e1ticos velando por su mantenimiento en Venezuela.<span style=\"font-family: Arial;font-size: medium\">\u00a0 <\/span>Recordar que es responsabilidad del Gobierno garantizar la seguridad de todos los ciudadanos.<\/span><\/p>\n<p><span style=\"color: #000000\">3.- Expresar su solidaridad con los ciudadanos de Venezuela y pedir al Gobierno de la Rep\u00fablica Bolivariana de Venezuela que se garantice la libertad de expresi\u00f3n, asociaci\u00f3n y manifestaci\u00f3n y que se permita a periodistas y profesionales de los medios de comunicaci\u00f3n ejercer libremente su profesi\u00f3n.<\/span><\/p>\n<p><span style=\"color: #000000\">4.- Instar a las autoridades a promover un di\u00e1logo sincero entre todas las fuerzas pol\u00edticas del pa\u00eds, que sea conducente a resolver los actuales problemas de la Rep\u00fablica Bolivariana de Venezuela, siempre dentro del respeto de la institucionalidad democr\u00e1tica.<\/span><\/p>\n<p><span style=\"color: #000000\">5.- Pedir a todas las partes que muestren de forma clara en sus declaraciones y acciones su respeto al Estado de Derecho y al ejercicio del derecho a la libertad de expresi\u00f3n, reuni\u00f3n y asociaci\u00f3n de forma pac\u00edfica.<\/span><\/p>\n<p><span style=\"color: #000000\">6.- Suscribir el comunicado hecho p\u00fablico por la Comunidad de Estados Latinoamericanos y Caribe\u00f1os (CELAC) el pasado 17 de febrero, sobre la situaci\u00f3n en la Rep\u00fablica Bolivariana de Venezuela, en el que se pide que en todo momento se garantice el respeto de todos los derechos humano.<\/span><\/p>\n<!-- AddThis Advanced Settings generic via filter on the_content --><!-- AddThis Share Buttons generic via filter on the_content -->","protected":false},"excerpt":{"rendered":"<p>&nbsp; &nbsp; &nbsp; &nbsp; &nbsp; Mi\u00e9rcoles 12 de marzo de 2014 En el Congreso de los Diputados, el pasado martes 11 de marzo, se discuti\u00f3 una iniciativa parlamentaria con objeto de dar apoyo a la democracia en Venezuela.\u00a0 Los partidos pol\u00edticos mayoritarios, Partido Popular, Partido Socialista; Partido Nacionalista Vasco, Convergencia i Unio, Uni\u00f3n progreso y &hellip; <a href=\"https:\/\/blogs.deia.eus\/anasagasti\/2014\/03\/12\/cinco-partidos-politicos-del-estado-espanol-apoyan-la-democracia-en-venezuela\/\" class=\"more-link\">Sigue leyendo <span class=\"screen-reader-text\">Cinco partidos pol\u00edticos del Estado Espa\u00f1ol apoyan la democracia en Venezuela<\/span><\/a><!-- AddThis Advanced Settings generic via filter on get_the_excerpt --><!-- AddThis Share Buttons generic via filter on get_the_excerpt --><\/p>\n","protected":false},"author":19,"featured_media":0,"comment_status":"open","ping_status":"open","sticky":false,"template":"","format":"standard","meta":{"footnotes":""},"categories":[1],"tags":[],"class_list":["post-4836","post","type-post","status-publish","format-standard","hentry","category-general"],"_links":{"self":[{"href":"https:\/\/blogs.deia.eus\/anasagasti\/wp-json\/wp\/v2\/posts\/4836","targetHints":{"allow":["GET"]}}],"collection":[{"href":"https:\/\/blogs.deia.eus\/anasagasti\/wp-json\/wp\/v2\/posts"}],"about":[{"href":"https:\/\/blogs.deia.eus\/anasagasti\/wp-json\/wp\/v2\/types\/post"}],"author":[{"embeddable":true,"href":"https:\/\/blogs.deia.eus\/anasagasti\/wp-json\/wp\/v2\/users\/19"}],"replies":[{"embeddable":true,"href":"https:\/\/blogs.deia.eus\/anasagasti\/wp-json\/wp\/v2\/comments?post=4836"}],"version-history":[{"count":13,"href":"https:\/\/blogs.deia.eus\/anasagasti\/wp-json\/wp\/v2\/posts\/4836\/revisions"}],"predecessor-version":[{"id":4851,"href":"https:\/\/blogs.deia.eus\/anasagasti\/wp-json\/wp\/v2\/posts\/4836\/revisions\/4851"}],"wp:attachment":[{"href":"https:\/\/blogs.deia.eus\/anasagasti\/wp-json\/wp\/v2\/media?parent=4836"}],"wp:term":[{"taxonomy":"category","embeddable":true,"href":"https:\/\/blogs.deia.eus\/anasagasti\/wp-json\/wp\/v2\/categories?post=4836"},{"taxonomy":"post_tag","embeddable":true,"href":"https:\/\/blogs.deia.eus\/anasagasti\/wp-json\/wp\/v2\/tags?post=4836"}],"curies":[{"name":"wp","href":"https:\/\/api.w.org\/{rel}","templated":true}]}}